{"id":2368,"date":"2026-02-01T06:24:00","date_gmt":"2026-02-01T06:24:00","guid":{"rendered":"https:\/\/www.craniowell.com\/?p=2368"},"modified":"2026-01-18T22:26:27","modified_gmt":"2026-01-18T22:26:27","slug":"1-yasindan-sonra-kask-tedavisi-mumkun-mu","status":"publish","type":"post","link":"https:\/\/www.craniowell.com\/en\/1-yasindan-sonra-kask-tedavisi-mumkun-mu\/","title":{"rendered":"1 Ya\u015f\u0131ndan Sonra Kask Tedavisi M\u00fcmk\u00fcn m\u00fc? Ba\u015far\u0131 Oran\u0131 Nedir?"},"content":{"rendered":"<p>Ebeveynlik ko\u015fturmacas\u0131 i\u00e7inde aylar su gibi akar. Bazen &#8220;zamanla d\u00fczelir&#8221; tavsiyelerine uyarak, bazen de fark edemeyerek bebe\u011finizin 1. ya\u015f g\u00fcn\u00fcn\u00fc kutlam\u0131\u015f olabilirsiniz. Ancak o mumlar\u0131 \u00fcflerken akl\u0131n\u0131zda hala o soru vard\u0131r: <em>&#8220;Bebe\u011fimin kafas\u0131ndaki d\u00fczl\u00fck ge\u00e7medi, acaba art\u0131k \u00e7ok mu ge\u00e7 kald\u0131k?&#8221;<\/em><\/p>\n\n\n\n<p>\u0130nternetteki bilgi kirlili\u011fi genellikle &#8220;\u0130lk 6 ayda yap\u0131ld\u0131 yap\u0131ld\u0131, yoksa bitti&#8221; y\u00f6n\u00fcndedir. Ancak bu tam olarak do\u011fru de\u011fildir. <strong>Craniowell Ortez Protez Merkezi<\/strong> olarak, 1 ya\u015f\u0131n\u0131 (12 ay\u0131) ge\u00e7mi\u015f bebekler i\u00e7in de tedavi se\u00e7eneklerinin s\u00fcrd\u00fc\u011f\u00fcn\u00fc, ancak s\u00fcrecin kurallar\u0131n\u0131n de\u011fi\u015fti\u011fini belirtmek isteriz.<\/p>\n\n\n\n<h2 class=\"wp-block-heading\">Evet, M\u00fcmk\u00fcn! (Ama \u015eartlar\u0131 Var)<\/h2>\n\n\n\n<p>K\u0131sa cevap: <strong>Evet, 1 ya\u015f\u0131ndan sonra da kask tedavisi m\u00fcmk\u00fcnd\u00fcr.<\/strong> Ancak uzun cevapta baz\u0131 &#8220;ama&#8221;lar ve ger\u00e7ek\u00e7i beklentiler vard\u0131r.<\/p>\n\n\n\n<p>Kask tedavisi (Kranial Ortez), kafatas\u0131 kemiklerinin b\u00fcy\u00fcme g\u00fcc\u00fcn\u00fc kullan\u0131r. 1 ya\u015f\u0131ndaki bir bebe\u011fin beyni ve kafatas\u0131 hala b\u00fcy\u00fcmeye devam eder, sadece h\u0131z\u0131 azalm\u0131\u015ft\u0131r. B\u00fcy\u00fcme varsa, y\u00f6nlendirme (yani tedavi) de m\u00fcmk\u00fcnd\u00fcr.<\/p>\n\n\n\n<h2 class=\"wp-block-heading\">12-18 Ay Aras\u0131: &#8220;Ge\u00e7 D\u00f6nem&#8221; Tedavisinin Farklar\u0131<\/h2>\n\n\n\n<p>4 ayl\u0131k bir bebekle 14 ayl\u0131k bir bebe\u011fin tedavisi ayn\u0131 h\u0131zda ilerlemez. 1 ya\u015f\u0131ndan sonraki tedavi s\u00fcrecini &#8220;Alt\u0131n D\u00f6nem&#8221;den ay\u0131ran 3 temel fark \u015funlard\u0131r:<\/p>\n\n\n\n<h3 class=\"wp-block-heading\">1. Daha Yava\u015f Kafa B\u00fcy\u00fcmesi = Daha Uzun Tedavi<\/h3>\n\n\n\n<p>\u0130lk aylarda bebe\u011fin kafa \u00e7evresi haftada milim milim b\u00fcy\u00fcrken, 1 ya\u015f\u0131ndan sonra bu h\u0131z d\u00fc\u015fer. Kask\u0131n \u015fekil d\u00fczeltmesi i\u00e7in gereken &#8220;b\u00fcy\u00fcme itici g\u00fcc\u00fc&#8221; azald\u0131\u011f\u0131 i\u00e7in, tedavi s\u00fcresi uzar.<\/p>\n\n\n\n<ul class=\"wp-block-list\">\n<li><strong>Erken D\u00f6nem:<\/strong> 3 ayda sonu\u00e7 al\u0131nabilir.<\/li>\n\n\n\n<li><strong>1 Ya\u015f Sonras\u0131:<\/strong> S\u00fcre\u00e7 5-6 ay\u0131, bazen daha fazlas\u0131n\u0131 bulabilir.<\/li>\n<\/ul>\n\n\n\n<h3 class=\"wp-block-heading\">2. Daha Sert Kemikler = Daha Az Esneklik<\/h3>\n\n\n\n<p>Bebe\u011finiz y\u00fcr\u00fcmeye ba\u015flad\u0131k\u00e7a kemikleri sertle\u015fir ve kal\u0131nla\u015f\u0131r. B\u0131ng\u0131ldak (fontanel) kapanmaya y\u00fcz tutar. Sertle\u015fmi\u015f bir yap\u0131y\u0131 yeniden \u015fekillendirmek, yumu\u015fak bir oyun hamurunu \u015fekillendirmekten daha zordur. Bu nedenle <strong>%100 simetri<\/strong> garantisi vermek zorla\u015f\u0131r. Hedef, &#8220;M\u00fckemmel&#8221;den ziyade &#8220;M\u00fcmk\u00fcn olan en iyi iyile\u015fme&#8221; ve &#8220;G\u00f6zle g\u00f6r\u00fcl\u00fcr d\u00fczelme&#8221; olur.<\/p>\n\n\n\n<h3 class=\"wp-block-heading\">3. Hareketli Bebek = Uyum S\u00fcreci<\/h3>\n\n\n\n<p>1 ya\u015f\u0131ndaki bebek art\u0131k sadece yatan bir bebek de\u011fildir; y\u00fcr\u00fcr, ko\u015far, inatla\u015f\u0131r ve kask\u0131 \u00e7\u0131karmak isteyebilir. Bu d\u00f6nemde ebeveynlerin sabr\u0131 ve kask kullan\u0131m disiplini (g\u00fcnde 23 saat kural\u0131), tedavinin ba\u015far\u0131s\u0131nda belirleyici fakt\u00f6rd\u00fcr.<\/p>\n\n\n\n<h2 class=\"wp-block-heading\">18. Ay: Genellikle K\u0131rm\u0131z\u0131 \u00c7izgi<\/h2>\n\n\n\n<p>T\u0131p literat\u00fcr\u00fcnde ve klinik uygulamalar\u0131m\u0131zda, kask tedavisi i\u00e7in <strong>\u00fcst ya\u015f s\u0131n\u0131r\u0131 genellikle 18 ayd\u0131r.<\/strong><\/p>\n\n\n\n<p>Neden 18 Ay?<\/p>\n\n\n\n<ul class=\"wp-block-list\">\n<li><strong>B\u0131ng\u0131ldak Kapan\u0131r:<\/strong> \u00d6n fontanel genellikle bu ayda tamamen kapan\u0131r.<\/li>\n\n\n\n<li><strong>S\u00fct\u00fcrler Kaynar:<\/strong> Kafatas\u0131 kemikleri aras\u0131ndaki esnek ba\u011flant\u0131 noktalar\u0131 (s\u00fct\u00fcrler) sabitlenir.<\/li>\n\n\n\n<li><strong>B\u00fcy\u00fcme Duraksar:<\/strong> Kafa b\u00fcy\u00fcmesi devam etse de \u015fekil de\u011fi\u015fikli\u011fi yaratacak kadar h\u0131zl\u0131 de\u011fildir.<\/li>\n<\/ul>\n\n\n\n<p>Bu nedenle bebe\u011finiz 17-18 ayl\u0131ksa, d\u00fcr\u00fcst\u00e7e &#8220;Kask takman\u0131n zahmetine de\u011fecek kadar bir de\u011fi\u015fim alamayabiliriz&#8221; diyebiliriz. Ancak son karar\u0131 her zaman <strong>3D tarama verileri<\/strong> ve kemik yap\u0131s\u0131n\u0131n durumu verir.<\/p>\n\n\n\n<h2 class=\"wp-block-heading\">Craniowell Yakla\u015f\u0131m\u0131: D\u00fcr\u00fcstl\u00fck<\/h2>\n\n\n\n<p>Bize 13-14 ayl\u0131k bir bebek geldi\u011finde yakla\u015f\u0131m\u0131m\u0131z \u015fudur:<\/p>\n\n\n\n<ol start=\"1\" class=\"wp-block-list\">\n<li><strong>3D Tarama:<\/strong> Mevcut asimetriyi (CVAI) \u00f6l\u00e7eriz.<\/li>\n\n\n\n<li><strong>Beklenti Y\u00f6netimi:<\/strong> Aileye \u015funu s\u00f6yleriz: <em>&#8220;Bebe\u011finiz 4 ayl\u0131k olsayd\u0131 bu asimetriyi s\u0131f\u0131rlard\u0131k. \u015eu an 14 ayl\u0131k, hedefimiz asimetriyi &#8216;Yar\u0131 Yar\u0131ya&#8217; veya &#8216;Kabul Edilebilir S\u0131n\u0131ra&#8217; indirmek. Buna var m\u0131s\u0131n\u0131z?&#8221;<\/em><\/li>\n\n\n\n<li><strong>Karar:<\/strong> E\u011fer aile bu iyile\u015fmeyi (\u00d6rn: \u0130leri dereceden Hafif dereceye d\u00fc\u015f\u00fc\u015f\u00fc) yeterli buluyorsa tedaviye ba\u015flar\u0131z.<\/li>\n<\/ol>\n\n\n\n<hr class=\"wp-block-separator has-alpha-channel-opacity\"\/>\n\n\n\n<h3 class=\"wp-block-heading\">S\u0131k\u00e7a Sorulan Sorular (SSS)<\/h3>\n\n\n\n<p><strong>Bebe\u011fim 15 ayl\u0131k, kask takarsak psikolojisi bozulur mu?<\/strong> Bu ya\u015ftaki \u00e7ocuklar sosyal olarak daha bilin\u00e7lidir. \u0130lk g\u00fcnlerde kask\u0131 yad\u0131rgayabilir, aynaya bak\u0131p \u015fa\u015f\u0131rabilirler. Ancak \u00e7ocuklar inan\u0131lmaz uyum yetene\u011fine sahiptir. Genellikle kask\u0131 &#8220;v\u00fccutlar\u0131n\u0131n bir par\u00e7as\u0131&#8221; veya &#8220;\u015fapkalar\u0131&#8221; gibi kabul ederler. Ebeveynin pozitif tutumu (oyunla\u015ft\u0131rma) \u00e7ok \u00f6nemlidir.<\/p>\n\n\n\n<p><strong>Kask takmazsak ileride ne olur?<\/strong> 1 ya\u015f\u0131ndan sonra kemikler sertle\u015fti\u011fi i\u00e7in, var olan d\u00fczl\u00fck veya asimetri (tedavi edilmezse) genellikle kal\u0131c\u0131 olur; yani &#8220;b\u00fcy\u00fcd\u00fck\u00e7e d\u00fczelir&#8221; ihtimali art\u0131k \u00e7ok d\u00fc\u015f\u00fckt\u00fcr. Bu asimetri sa\u00e7la gizlenebilir ancak kemik yap\u0131s\u0131 \u00f6yle kal\u0131r.<\/p>\n\n\n\n<p><strong>Ge\u00e7 d\u00f6nem tedavisinde kask daha m\u0131 s\u0131k\u0131 olur?<\/strong> Hay\u0131r, kask prensibi de\u011fi\u015fmez. Asla s\u0131k\u0131\u015ft\u0131rma yap\u0131lmaz. Sadece bebe\u011fin b\u00fcy\u00fcmesi yava\u015f oldu\u011fu i\u00e7in, kask\u0131n i\u00e7indeki bo\u015fluklara dolmas\u0131 daha fazla zaman al\u0131r.<\/p>\n\n\n\n<hr class=\"wp-block-separator has-alpha-channel-opacity\"\/>\n\n\n\n<h3 class=\"wp-block-heading\">Sonu\u00e7: H\u00e2l\u00e2 Bir \u015eans\u0131n\u0131z Var<\/h3>\n\n\n\n<p>E\u011fer bebe\u011finiz 12-18 ay aral\u0131\u011f\u0131ndaysa ve kafa \u015feklindeki bozukluk sizi endi\u015felendiriyorsa, hen\u00fcz her \u015fey bitmi\u015f de\u011fil. Evet, trenin en h\u0131zl\u0131 vagonunu ka\u00e7\u0131rm\u0131\u015f olabilirsiniz ama tren hala istasyonda.<\/p>\n\n\n\n<p>Kendinizi su\u00e7lamay\u0131 b\u0131rak\u0131n ve harekete ge\u00e7in. <strong>Craniowell Ortez Protez Merkezi<\/strong>&#8216;nde yapaca\u011f\u0131m\u0131z detayl\u0131 analizle, bu s\u00fcre\u00e7te ne kadar yol katedebilece\u011fimizi \u015feffaf bir \u015fekilde konu\u015fal\u0131m.<\/p>\n\n\n\n<p><em>Bu i\u00e7erik bilgilendirme ama\u00e7l\u0131d\u0131r; t\u0131bbi tan\u0131 ve tedavi yerine ge\u00e7mez.<\/em><\/p>","protected":false},"excerpt":{"rendered":"<p>Ebeveynlik ko\u015fturmacas\u0131 i\u00e7inde aylar su gibi akar. Bazen &#8220;zamanla d\u00fczelir&#8221; tavsiyelerine uyarak, bazen de fark edemeyerek bebe\u011finizin 1. ya\u015f g\u00fcn\u00fcn\u00fc kutlam\u0131\u015f olabilirsiniz. Ancak o mumlar\u0131 \u00fcflerken akl\u0131n\u0131zda hala o soru vard\u0131r: &#8220;Bebe\u011fimin kafas\u0131ndaki d\u00fczl\u00fck ge\u00e7medi, acaba art\u0131k \u00e7ok mu ge\u00e7 kald\u0131k?&#8221; \u0130nternetteki bilgi kirlili\u011fi genellikle &#8220;\u0130lk 6 ayda yap\u0131ld\u0131 yap\u0131ld\u0131, yoksa bitti&#8221; y\u00f6n\u00fcndedir. Ancak bu [&hellip;]<\/p>","protected":false},"author":1,"featured_media":0,"comment_status":"open","ping_status":"open","sticky":false,"template":"","format":"standard","meta":{"_sitemap_exclude":false,"_sitemap_priority":"","_sitemap_frequency":"","footnotes":""},"categories":[10,9,90],"tags":[14,12],"class_list":["post-2368","post","type-post","status-publish","format-standard","hentry","category-cranial-kask","category-craniowell-helmet","category-kafa-sekil-bozukluklari","tag-bebek-kask-tedavisi","tag-kafa-sekil-bozukluklari"],"_links":{"self":[{"href":"https:\/\/www.craniowell.com\/en\/wp-json\/wp\/v2\/posts\/2368","targetHints":{"allow":["GET"]}}],"collection":[{"href":"https:\/\/www.craniowell.com\/en\/wp-json\/wp\/v2\/posts"}],"about":[{"href":"https:\/\/www.craniowell.com\/en\/wp-json\/wp\/v2\/types\/post"}],"author":[{"embeddable":true,"href":"https:\/\/www.craniowell.com\/en\/wp-json\/wp\/v2\/users\/1"}],"replies":[{"embeddable":true,"href":"https:\/\/www.craniowell.com\/en\/wp-json\/wp\/v2\/comments?post=2368"}],"version-history":[{"count":1,"href":"https:\/\/www.craniowell.com\/en\/wp-json\/wp\/v2\/posts\/2368\/revisions"}],"predecessor-version":[{"id":2369,"href":"https:\/\/www.craniowell.com\/en\/wp-json\/wp\/v2\/posts\/2368\/revisions\/2369"}],"wp:attachment":[{"href":"https:\/\/www.craniowell.com\/en\/wp-json\/wp\/v2\/media?parent=2368"}],"wp:term":[{"taxonomy":"category","embeddable":true,"href":"https:\/\/www.craniowell.com\/en\/wp-json\/wp\/v2\/categories?post=2368"},{"taxonomy":"post_tag","embeddable":true,"href":"https:\/\/www.craniowell.com\/en\/wp-json\/wp\/v2\/tags?post=2368"}],"curies":[{"name":"wp","href":"https:\/\/api.w.org\/{rel}","templated":true}]}}