{"id":2362,"date":"2026-01-30T10:17:00","date_gmt":"2026-01-30T10:17:00","guid":{"rendered":"https:\/\/www.craniowell.com\/?p=2362"},"modified":"2026-01-18T22:20:42","modified_gmt":"2026-01-18T22:20:42","slug":"kask-tedavisi-kranial-ortez-nedir-nasil-calisir","status":"publish","type":"post","link":"https:\/\/www.craniowell.com\/en\/kask-tedavisi-kranial-ortez-nedir-nasil-calisir\/","title":{"rendered":"Kask Tedavisi (Kranial Ortez) Nedir ve Nas\u0131l \u00c7al\u0131\u015f\u0131r?"},"content":{"rendered":"<p>Bebe\u011finizin kafa \u015fekil bozuklu\u011fu (plagiosefali, brakisefali vb.) tan\u0131s\u0131 ald\u0131ktan sonra, doktorunuz veya \u00e7evreniz size &#8220;kask tedavisi&#8221; \u00f6nermi\u015f olabilir. Ebeveynlerin zihninde hemen endi\u015feli bir senaryo canlan\u0131r: <em>&#8220;Bebe\u011fimin kafas\u0131na sert bir \u015fey takacaklar, onu s\u0131k\u0131\u015ft\u0131racaklar ve can\u0131 yanacak.&#8221;<\/em><\/p>\n\n\n\n<p>Bu endi\u015feyi hissetmeniz \u00e7ok do\u011fal, ancak ger\u00e7ek mekanizma d\u00fc\u015f\u00fcnd\u00fc\u011f\u00fcn\u00fczden \u00e7ok daha farkl\u0131 ve naziktir. <strong>Craniowell Ortez Protez Merkezi<\/strong> olarak, kranial ortezlerin (kasklar\u0131n) asl\u0131nda bir &#8220;s\u0131k\u0131\u015ft\u0131rma cihaz\u0131&#8221; de\u011fil, ak\u0131ll\u0131 bir &#8220;y\u00f6nlendirme rehberi&#8221; oldu\u011funu t\u00fcm detaylar\u0131yla a\u00e7\u0131kl\u0131yoruz.<\/p>\n\n\n\n<h2 class=\"wp-block-heading\">Kranial Ortez (Kask) Nedir?<\/h2>\n\n\n\n<p>T\u0131bbi ad\u0131yla <strong>Kranial Remodeling Orthosis (Kranial Yeniden \u015eekillendirme Ortezi)<\/strong>; bebeklerdeki deformasyonel kafa \u015fekil bozukluklar\u0131n\u0131 d\u00fczeltmek i\u00e7in ki\u015fiye \u00f6zel olarak tasarlanan, hafif, biyouyumlu malzemeden \u00fcretilmi\u015f medikal bir cihazd\u0131r.<\/p>\n\n\n\n<p>Bu kasklar, standart bir bisiklet kask\u0131 gibi de\u011fildir. Bebe\u011finizin 3D tarama verilerine g\u00f6re, milimetrik hassasiyetle ve sadece ona \u00f6zel \u00fcretilir.<\/p>\n\n\n\n<h2 class=\"wp-block-heading\">Kask Tedavisi Nas\u0131l \u00c7al\u0131\u015f\u0131r? (Mekanizma)<\/h2>\n\n\n\n<p>Kask tedavisinin \u00e7al\u0131\u015fma prensibi, cerrahi bir m\u00fcdahale veya d\u0131\u015far\u0131dan g\u00fc\u00e7 uygulama (presleme) i\u015flemi <strong>DE\u011e\u0130LD\u0130R.<\/strong> Tedavi, tamamen bebe\u011fin kendi do\u011fal b\u00fcy\u00fcme g\u00fcc\u00fcn\u00fc kullan\u0131r.<\/p>\n\n\n\n<p>Bu prensibi iki temel kavramla \u00f6zetleyebiliriz:<\/p>\n\n\n\n<h3 class=\"wp-block-heading\">1. Pasif Tutma (Temas Noktalar\u0131)<\/h3>\n\n\n\n<p>Kask\u0131n i\u00e7 yap\u0131s\u0131, bebe\u011finizin kafas\u0131n\u0131n zaten \u00e7\u0131k\u0131k olan (istenmeyen \u015fekilde b\u00fcy\u00fcm\u00fc\u015f) b\u00f6lgelerine hafif\u00e7e temas eder.<\/p>\n\n\n\n<ul class=\"wp-block-list\">\n<li><strong>Ama\u00e7:<\/strong> Bu b\u00f6lgelerdeki b\u00fcy\u00fcmeyi ge\u00e7ici olarak yava\u015flatmak ve durdurmakt\u0131r. Buraya herhangi bir bask\u0131 uygulanmaz, sadece &#8220;daha fazla ileri gitmesi&#8221; engellenir.<\/li>\n<\/ul>\n\n\n\n<h3 class=\"wp-block-heading\">2. Aktif B\u00fcy\u00fcme (Bo\u015fluk Alanlar\u0131)<\/h3>\n\n\n\n<p>Kafan\u0131n d\u00fczle\u015fmi\u015f veya \u00e7\u00f6k\u00fck olan (b\u00fcy\u00fcmesini istedi\u011fimiz) b\u00f6lgelerinde ise kask\u0131n i\u00e7inde stratejik bo\u015fluklar b\u0131rak\u0131l\u0131r.<\/p>\n\n\n\n<ul class=\"wp-block-list\">\n<li><strong>Ama\u00e7:<\/strong> Beyin b\u00fcy\u00fcd\u00fck\u00e7e kafatas\u0131 kemiklerini d\u0131\u015fa do\u011fru iter. Kask\u0131n di\u011fer taraflar\u0131 kapal\u0131 oldu\u011fu i\u00e7in, kafatas\u0131 mecburen (en az diren\u00e7 g\u00f6steren yol olan) bu bo\u015fluklara do\u011fru b\u00fcy\u00fcr.<\/li>\n<\/ul>\n\n\n\n<p><strong>\u00d6zetle:<\/strong> Kask bebe\u011finizin kafas\u0131n\u0131 d\u00fczeltmez; bebe\u011finiz b\u00fcy\u00fcrken kafas\u0131 kask\u0131n \u015feklini al\u0131r. Biz sadece b\u00fcy\u00fcmeyi do\u011fru kanala y\u00f6nlendiririz.<\/p>\n\n\n\n<h2 class=\"wp-block-heading\">Tedavi S\u00fcreci Nas\u0131l \u0130lerler?<\/h2>\n\n\n\n<ol start=\"1\" class=\"wp-block-list\">\n<li><strong>\u00dcretim:<\/strong> 3D tarama sonras\u0131 bebe\u011finize \u00f6zel kask \u00fcretilir.<\/li>\n\n\n\n<li><strong>\u0130lk Uygulama (Teslimat):<\/strong> Kask bebe\u011fin ba\u015f\u0131na tak\u0131l\u0131r. Vurma, k\u0131zar\u0131kl\u0131k veya bas\u0131 kontrol\u00fc yap\u0131l\u0131r. Aileye kullan\u0131m e\u011fitimi verilir.<\/li>\n\n\n\n<li><strong>Al\u0131\u015fma Evresi:<\/strong> \u0130lk 5 g\u00fcn, bebe\u011fin cildinin ve tolerans\u0131n\u0131n artmas\u0131 i\u00e7in kask\u0131n s\u00fcresi kademeli olarak art\u0131r\u0131l\u0131r (\u00d6rn: 2 saat tak, 1 saat \u00e7\u0131kar).<\/li>\n\n\n\n<li><strong>Tam Zamanl\u0131 Kullan\u0131m:<\/strong> Hedef, g\u00fcnde <strong>23 saat<\/strong> kullan\u0131md\u0131r (1 saat banyo ve bak\u0131m molas\u0131). \u00c7\u00fcnk\u00fc beyin uykuda da b\u00fcy\u00fcr, uyan\u0131kken de.<\/li>\n\n\n\n<li><strong>D\u00fczenli Kontroller:<\/strong> Bebek b\u00fcy\u00fcd\u00fck\u00e7e kask daralmaya ba\u015flar. 2-3 haftada bir Craniowell merkezine gelinir. Uzmanlar\u0131m\u0131z kask\u0131n i\u00e7ini milimetrik olarak t\u0131ra\u015flayarak (t\u00f6rp\u00fcleyerek) yeni b\u00fcy\u00fcme alanlar\u0131 a\u00e7ar.<\/li>\n<\/ol>\n\n\n\n<h2 class=\"wp-block-heading\">Kask Tedavisi Bebe\u011fimi Rahats\u0131z Eder mi?<\/h2>\n\n\n\n<p>Modern kasklar olduk\u00e7a hafif (yakla\u015f\u0131k 180-220 gram) ve konforludur.<\/p>\n\n\n\n<ul class=\"wp-block-list\">\n<li><strong>A\u011f\u0131rl\u0131k:<\/strong> Bebekler kask\u0131n a\u011f\u0131rl\u0131\u011f\u0131n\u0131 genellikle hissetmezler bile.<\/li>\n\n\n\n<li><strong>Uyku:<\/strong> \u0130lk birka\u00e7 gece yad\u0131rgayabilirler ancak \u00e7o\u011fu bebek 3-4 g\u00fcn i\u00e7inde kaskla uyumaya, emmeye ve oynamaya tamamen al\u0131\u015f\u0131r. Hatta kask, kafalar\u0131n\u0131 \u00e7arpmalara kar\u015f\u0131 korudu\u011fu i\u00e7in daha \u00f6zg\u00fcr hareket etmeye ba\u015flarlar.<\/li>\n\n\n\n<li><strong>S\u0131cakl\u0131k\/Terleme:<\/strong> Kask\u0131n i\u00e7i \u0131s\u0131y\u0131 tutabilir. Bu nedenle tedavi s\u00fcresince bebe\u011fi bir kat daha ince giydirmek ve ortam \u0131s\u0131s\u0131n\u0131 ayarlamak yeterlidir.<\/li>\n<\/ul>\n\n\n\n<hr class=\"wp-block-separator has-alpha-channel-opacity\"\/>\n\n\n\n<h3 class=\"wp-block-heading\">S\u0131k\u00e7a Sorulan Sorular (SSS)<\/h3>\n\n\n\n<p><strong>Kask beyin geli\u015fimini engeller mi?<\/strong> Kesinlikle hay\u0131r. Kask\u0131n toplam hacmi, bebe\u011fin beklenen kafa b\u00fcy\u00fcmesine (kafa \u00e7evresi art\u0131\u015f\u0131na) uygun olarak hesaplan\u0131r. Beyin b\u00fcy\u00fcmeye devam eder, sadece \u015fekli d\u00fczelir.<\/p>\n\n\n\n<p><strong>Kask tedavisi ne kadar s\u00fcrer?<\/strong> Bu s\u00fcre, tedaviye ba\u015flama ya\u015f\u0131na ve asimetrinin \u015fiddetine (CVAI de\u011ferine) g\u00f6re de\u011fi\u015fir. Ortalama s\u00fcre <strong>3 ila 5 ay<\/strong> aras\u0131ndad\u0131r. Erken ba\u015flayan (4-5 ayl\u0131k) bebeklerde 2.5-3 ayda bile sonu\u00e7 al\u0131nabilir.<\/p>\n\n\n\n<p><strong>Neden 23 saat takmak zorunday\u0131z?<\/strong> Kafatas\u0131 b\u00fcy\u00fcmesi s\u00fcreklidir. Kask\u0131 \u00e7\u0131kard\u0131\u011f\u0131n\u0131z an, kafa yine eski (yanl\u0131\u015f) y\u00f6n\u00fcne do\u011fru b\u00fcy\u00fcme e\u011filimi g\u00f6sterir. &#8220;G\u00fcnde sadece gece taksak olur mu?&#8221; sorusunun cevab\u0131 maalesef hay\u0131rd\u0131r; tedavi s\u00fcresini uzat\u0131r ve ba\u015far\u0131y\u0131 d\u00fc\u015f\u00fcr\u00fcr.<\/p>\n\n\n\n<hr class=\"wp-block-separator has-alpha-channel-opacity\"\/>\n\n\n\n<h3 class=\"wp-block-heading\">Sonu\u00e7: Bilimsel ve G\u00fcvenli Bir Yol<\/h3>\n\n\n\n<p>Kask tedavisi, estetik kayg\u0131lar\u0131n \u00f6tesinde, bebe\u011finizin kafa yap\u0131s\u0131n\u0131 ideal formuna kavu\u015fturan FDA onayl\u0131 ve bilimsel bir y\u00f6ntemdir. &#8220;S\u0131k\u0131\u015ft\u0131rma&#8221; de\u011fil, &#8220;sevgiyle y\u00f6nlendirme&#8221; prensibine dayan\u0131r.<\/p>\n\n\n\n<p>Bebe\u011finizin bu tedaviye ihtiyac\u0131 olup olmad\u0131\u011f\u0131n\u0131 \u00f6\u011frenmek i\u00e7in <strong>Craniowell Ortez Protez Merkezi<\/strong>&#8216;ne ba\u015fvurabilir, ileri teknoloji \u00e7\u00f6z\u00fcmlerimizle tan\u0131\u015fabilirsiniz.<\/p>\n\n\n\n<p><em>Bu i\u00e7erik bilgilendirme ama\u00e7l\u0131d\u0131r; t\u0131bbi tan\u0131 ve tedavi yerine ge\u00e7mez.<\/em><\/p>","protected":false},"excerpt":{"rendered":"<p>Bebe\u011finizin kafa \u015fekil bozuklu\u011fu (plagiosefali, brakisefali vb.) tan\u0131s\u0131 ald\u0131ktan sonra, doktorunuz veya \u00e7evreniz size &#8220;kask tedavisi&#8221; \u00f6nermi\u015f olabilir. Ebeveynlerin zihninde hemen endi\u015feli bir senaryo canlan\u0131r: &#8220;Bebe\u011fimin kafas\u0131na sert bir \u015fey takacaklar, onu s\u0131k\u0131\u015ft\u0131racaklar ve can\u0131 yanacak.&#8221; Bu endi\u015feyi hissetmeniz \u00e7ok do\u011fal, ancak ger\u00e7ek mekanizma d\u00fc\u015f\u00fcnd\u00fc\u011f\u00fcn\u00fczden \u00e7ok daha farkl\u0131 ve naziktir. Craniowell Ortez Protez Merkezi olarak, [&hellip;]<\/p>","protected":false},"author":1,"featured_media":0,"comment_status":"open","ping_status":"open","sticky":false,"template":"","format":"standard","meta":{"_sitemap_exclude":false,"_sitemap_priority":"","_sitemap_frequency":"","footnotes":""},"categories":[90,10,9],"tags":[14,79,70],"class_list":["post-2362","post","type-post","status-publish","format-standard","hentry","category-kafa-sekil-bozukluklari","category-cranial-kask","category-craniowell-helmet","tag-bebek-kask-tedavisi","tag-duz-kafa","tag-duz-kafali-bebek"],"_links":{"self":[{"href":"https:\/\/www.craniowell.com\/en\/wp-json\/wp\/v2\/posts\/2362","targetHints":{"allow":["GET"]}}],"collection":[{"href":"https:\/\/www.craniowell.com\/en\/wp-json\/wp\/v2\/posts"}],"about":[{"href":"https:\/\/www.craniowell.com\/en\/wp-json\/wp\/v2\/types\/post"}],"author":[{"embeddable":true,"href":"https:\/\/www.craniowell.com\/en\/wp-json\/wp\/v2\/users\/1"}],"replies":[{"embeddable":true,"href":"https:\/\/www.craniowell.com\/en\/wp-json\/wp\/v2\/comments?post=2362"}],"version-history":[{"count":1,"href":"https:\/\/www.craniowell.com\/en\/wp-json\/wp\/v2\/posts\/2362\/revisions"}],"predecessor-version":[{"id":2363,"href":"https:\/\/www.craniowell.com\/en\/wp-json\/wp\/v2\/posts\/2362\/revisions\/2363"}],"wp:attachment":[{"href":"https:\/\/www.craniowell.com\/en\/wp-json\/wp\/v2\/media?parent=2362"}],"wp:term":[{"taxonomy":"category","embeddable":true,"href":"https:\/\/www.craniowell.com\/en\/wp-json\/wp\/v2\/categories?post=2362"},{"taxonomy":"post_tag","embeddable":true,"href":"https:\/\/www.craniowell.com\/en\/wp-json\/wp\/v2\/tags?post=2362"}],"curies":[{"name":"wp","href":"https:\/\/api.w.org\/{rel}","templated":true}]}}