{"id":2354,"date":"2026-01-27T10:08:00","date_gmt":"2026-01-27T10:08:00","guid":{"rendered":"https:\/\/www.craniowell.com\/?p=2354"},"modified":"2026-01-18T22:10:33","modified_gmt":"2026-01-18T22:10:33","slug":"kraniyal-asimetri-indeksi-cvai-nedir","status":"publish","type":"post","link":"https:\/\/www.craniowell.com\/en\/kraniyal-asimetri-indeksi-cvai-nedir\/","title":{"rendered":"Kraniyal Asimetri \u0130ndeksi (CVAI) Nedir? De\u011ferler Ne Anlama Gelir?"},"content":{"rendered":"<p>Bebe\u011finizin kafa \u015fekliyle ilgili bir uzmana ba\u015fvurdu\u011funuzda veya 3D tarama yapt\u0131rd\u0131\u011f\u0131n\u0131zda, \u00f6n\u00fcn\u00fcze gelen raporda <strong>&#8220;CVAI&#8221;<\/strong> ad\u0131nda bir terim ve yan\u0131nda baz\u0131 y\u00fczdelik rakamlar g\u00f6r\u00fcrs\u00fcn\u00fcz. Bu rakamlar, ebeveynler i\u00e7in \u00e7o\u011fu zaman karma\u015f\u0131k g\u00f6r\u00fcnse de, asl\u0131nda tedavinin yol haritas\u0131n\u0131 \u00e7izen en temel pusulad\u0131r.<\/p>\n\n\n\n<p>&#8220;Hafif&#8221;, &#8220;Orta&#8221; veya &#8220;\u015eiddetli&#8221; gibi kelimeler \u00f6zneldir; doktordan doktora de\u011fi\u015febilir. Ancak <strong>Kraniyal Asimetri \u0130ndeksi (CVAI)<\/strong> matematiktir ve tart\u0131\u015fmaya kapal\u0131d\u0131r. <strong>Craniowell Ortez Protez Merkezi<\/strong> olarak, bu kritik de\u011feri ve bebe\u011finiz i\u00e7in ne anlama geldi\u011fini en yal\u0131n haliyle anlatt\u0131k.<\/p>\n\n\n\n<h2 class=\"wp-block-heading\">CVAI (Cranial Vault Asymmetry Index) Nedir?<\/h2>\n\n\n\n<p>T\u00fcrk\u00e7e kar\u015f\u0131l\u0131\u011f\u0131 <strong>&#8220;Kranial Kubbe Asimetri \u0130ndeksi&#8221;<\/strong> olan CVAI; bebe\u011fin kafatas\u0131n\u0131n \u00e7aprazlama (diyagonal) \u00f6l\u00e7\u00fcmleri aras\u0131ndaki fark\u0131n, y\u00fczdesel olarak ifadesidir.<\/p>\n\n\n\n<p>Basit\u00e7e \u015f\u00f6yle d\u00fc\u015f\u00fcn\u00fcn:<\/p>\n\n\n\n<ul class=\"wp-block-list\">\n<li>Normal, yuvarlak bir kafada, sa\u011f \u00f6nden sol arkaya \u00e7ekilen \u00e7izgi ile, sol \u00f6nden sa\u011f arkaya \u00e7ekilen \u00e7izginin uzunlu\u011fu birbirine e\u015fittir (veya \u00e7ok yak\u0131nd\u0131r).<\/li>\n\n\n\n<li><strong>Plagiosefali (D\u00fcz Kafa)<\/strong> olan bir bebekte ise, kafa paralelkenar \u015feklini ald\u0131\u011f\u0131 i\u00e7in \u00e7apraz \u00e7izgilerden biri <strong>uzun<\/strong>, di\u011feri <strong>k\u0131sa<\/strong> kal\u0131r.<\/li>\n\n\n\n<li>CVAI, bu iki \u00e7izgi aras\u0131ndaki fark\u0131n ne kadar b\u00fcy\u00fck oldu\u011funu bize s\u00f6yler.<\/li>\n<\/ul>\n\n\n\n<h2 class=\"wp-block-heading\">CVAI Nas\u0131l Hesaplan\u0131r?<\/h2>\n\n\n\n<p>Bu hesaplama genellikle 30 derecelik a\u00e7\u0131larla yap\u0131lan \u00e7apraz \u00f6l\u00e7\u00fcmlerle bulunur:<\/p>\n\n\n\n<ol start=\"1\" class=\"wp-block-list\">\n<li><strong>Diyagonal A:<\/strong> Sol \u00f6n &#8211; Sa\u011f arka mesafe.<\/li>\n\n\n\n<li><strong>Diyagonal B:<\/strong> Sa\u011f \u00f6n &#8211; Sol arka mesafe.<\/li>\n\n\n\n<li><strong>Fark:<\/strong> Bu iki \u00f6l\u00e7\u00fcm aras\u0131ndaki milimetrik fark bulunur.<\/li>\n\n\n\n<li><strong>Form\u00fcl:<\/strong> (Fark \/ K\u0131sa Diyagonal) x 100 = <strong>%CVAI De\u011feri<\/strong>.<\/li>\n<\/ol>\n\n\n\n<p><em>Not: Bu hesaplamay\u0131 evde mezura ile hassas yapmak zordur. Craniowell&#8217;deki 3D taray\u0131c\u0131lar bu de\u011feri saniyenin onda biri s\u00fcrede, %0.1 hata pay\u0131yla otomatik hesaplar.<\/em><\/p>\n\n\n\n<h2 class=\"wp-block-heading\">CVAI De\u011ferleri ve \u015eiddet Tablosu (Plagiosefali Dereceleri)<\/h2>\n\n\n\n<p>\u00c7\u0131kan sonu\u00e7 bebe\u011finizin durumunun ciddiyetini belirler. Uluslararas\u0131 kabul g\u00f6ren (Children&#8217;s Healthcare of Atlanta vb.) skala \u015f\u00f6yledir:<\/p>\n\n\n\n<figure class=\"wp-block-table\"><table class=\"has-fixed-layout\"><thead><tr><td><strong>Seviye<\/strong><\/td><td><strong>CVAI De\u011feri (%)<\/strong><\/td><td><strong>Tan\u0131m (\u015eiddet Derecesi)<\/strong><\/td><td><strong>\u00d6nerilen Yakla\u015f\u0131m<\/strong><\/td><\/tr><\/thead><tbody><tr><td><strong>Seviye 1<\/strong><\/td><td><strong>&lt; 3.5<\/strong><\/td><td><strong>Normal \/ Simetrik<\/strong><\/td><td>Tedavi gerekmez. Do\u011fal asimetri s\u0131n\u0131rlar\u0131 i\u00e7indedir.<\/td><\/tr><tr><td><strong>Seviye 2<\/strong><\/td><td><strong>3.5 &#8211; 6.25<\/strong><\/td><td><strong>Hafif<\/strong><\/td><td>Genellikle pozisyon de\u011fi\u015ftirme (repositioning) ve y\u00fcz\u00fcst\u00fc aktivite ile takip edilir.<\/td><\/tr><tr><td><strong>Seviye 3<\/strong><\/td><td><strong>6.25 &#8211; 8.75<\/strong><\/td><td><strong>Orta<\/strong><\/td><td><strong>Gri B\u00f6lge:<\/strong> Bebe\u011fin ya\u015f\u0131na g\u00f6re karar verilir. \u0130lerleyen aylarda (5+ ay) ise kask tedavisi d\u00fc\u015f\u00fcn\u00fclebilir.<\/td><\/tr><tr><td><strong>Seviye 4<\/strong><\/td><td><strong>8.75 &#8211; 11.0<\/strong><\/td><td><strong>Orta &#8211; \u0130leri<\/strong><\/td><td><strong>Kask Tedavisi \u00d6nerilir.<\/strong> Kendi kendine d\u00fczelme ihtimali d\u00fc\u015f\u00fckt\u00fcr.<\/td><\/tr><tr><td><strong>Seviye 5<\/strong><\/td><td><strong>&gt; 11.0<\/strong><\/td><td><strong>\u0130leri (\u015eiddetli)<\/strong><\/td><td><strong>Kask Tedavisi \u015eartt\u0131r.<\/strong> Y\u00fcz asimetrisi ve kulak kaymas\u0131 belirgindir.<\/td><\/tr><\/tbody><\/table><\/figure>\n\n\n\n<h2 class=\"wp-block-heading\">Neden CVAI De\u011ferine G\u00f6re Karar Veriyoruz?<\/h2>\n\n\n\n<p>CVAI, duygulardan ve tahminlerden ar\u0131nm\u0131\u015f somut bir veridir.<\/p>\n\n\n\n<ul class=\"wp-block-list\">\n<li><strong>Tedavi Karar\u0131 \u0130\u00e7in:<\/strong> &#8220;Bence d\u00fczelir&#8221; demek yerine, &#8220;De\u011fer %9.5, bu seviyede kendili\u011finden tam d\u00fczelme literat\u00fcre g\u00f6re zordur, kask takmal\u0131y\u0131z&#8221; diyebilmemizi sa\u011flar.<\/li>\n\n\n\n<li><strong>Tedavi Takibi \u0130\u00e7in:<\/strong> Kask tedavisinin 2. ay\u0131nda CVAI de\u011feri %10&#8217;dan %5&#8217;e d\u00fc\u015ft\u00fcyse, tedavinin i\u015fe yarad\u0131\u011f\u0131n\u0131 matematiksel olarak kan\u0131tlar\u0131z.<\/li>\n<\/ul>\n\n\n\n<h2 class=\"wp-block-heading\">Asimetri \u0130ndeksi Zamanla De\u011fi\u015fir mi?<\/h2>\n\n\n\n<p>Evet. Bebek b\u00fcy\u00fcd\u00fck\u00e7e ve hareketlendik\u00e7e, hafif seviyedeki (Seviye 2) de\u011ferler kendili\u011finden d\u00fc\u015febilir (d\u00fczelebilir).<\/p>\n\n\n\n<p>Ancak Seviye 4 ve 5 d\u00fczeyindeki y\u00fcksek asimetrilerde, kafatas\u0131 b\u00fcy\u00fcd\u00fck\u00e7e \u015fekil bozuklu\u011fu da b\u00fcy\u00fcme e\u011filimi g\u00f6sterebilir. Bu nedenle y\u00fcksek CVAI de\u011ferlerinde &#8220;bekle-g\u00f6r&#8221; takti\u011fi zaman kayb\u0131na yol a\u00e7abilir.<\/p>\n\n\n\n<hr class=\"wp-block-separator has-alpha-channel-opacity\"\/>\n\n\n\n<h3 class=\"wp-block-heading\">S\u0131k\u00e7a Sorulan Sorular (SSS)<\/h3>\n\n\n\n<p>CVAI de\u011feri ka\u00e7 olunca kask tak\u0131lmal\u0131?<\/p>\n\n\n\n<p>Genel kabul g\u00f6ren s\u0131n\u0131r %6.25 ve \u00fczeridir. Ancak sadece rakama bak\u0131lmaz; bebe\u011fin ya\u015f\u0131, motor geli\u015fimi ve asimetrinin y\u00fcze yans\u0131y\u0131p yans\u0131mad\u0131\u011f\u0131 da de\u011ferlendirilir. Genellikle %8-9 \u00fczerindeki de\u011ferlerde kask tedavisi g\u00fc\u00e7l\u00fc \u015fekilde \u00f6nerilir.<\/p>\n\n\n\n<p>Mezura ile \u00f6l\u00e7\u00fcmde CVAI \u00e7\u0131kar m\u0131?<\/p>\n\n\n\n<p>Mezura ile yap\u0131lan \u00f6l\u00e7\u00fcmlerde &#8220;milimetrik fark&#8221; (\u00d6rn: 12 mm fark var) bulunur ancak bunu y\u00fczdesel indekse \u00e7evirmek ve do\u011fru a\u00e7\u0131y\u0131 tutturmak zordur. Mezura hataya \u00e7ok a\u00e7\u0131kt\u0131r. 3D tarama sonucu her zaman daha g\u00fcvenilirdir.<\/p>\n\n\n\n<p>Tedavi sonras\u0131 CVAI de\u011feri s\u0131f\u0131r m\u0131 olmal\u0131?<\/p>\n\n\n\n<p>Hay\u0131r, insan do\u011fas\u0131nda %0 simetri yoktur. Hedefimiz CVAI de\u011ferini %3.5&#8217;in alt\u0131na (Normal s\u0131n\u0131rlara) indirmektir. Bu seviye, g\u00f6zle fark edilmeyen, fonksiyonel sorun yaratmayan sa\u011fl\u0131kl\u0131 s\u0131n\u0131rd\u0131r.<\/p>\n\n\n\n<hr class=\"wp-block-separator has-alpha-channel-opacity\"\/>\n\n\n\n<h3 class=\"wp-block-heading\">Sonu\u00e7: Rakamlar Yol G\u00f6sterir<\/h3>\n\n\n\n<p>Ebeveyn olarak bebe\u011finizin kafas\u0131ndaki yamuklu\u011fun ne kadar ciddi oldu\u011funu merak etmeniz \u00e7ok normaldir. CVAI de\u011feri, bu merak\u0131n\u0131z\u0131 bilimsel bir zemine oturtur.<\/p>\n\n\n\n<p>E\u011fer bebe\u011finizin kafas\u0131nda g\u00f6zle g\u00f6r\u00fcl\u00fcr bir asimetri varsa, <strong>Craniowell Ortez Protez Merkezi<\/strong>&#8216;ne gelerek <strong>\u00fccretsiz 3D tarama<\/strong> ile CVAI de\u011ferini \u00f6\u011frenebilirsiniz. Bebe\u011finizin asimetrisinin hangi seviyede oldu\u011funu (Hafif mi, \u0130leri mi?) net bir raporla size sunuyor ve buna g\u00f6re en do\u011fru, en d\u00fcr\u00fcst y\u00f6nlendirmeyi yap\u0131yoruz.<\/p>\n\n\n\n<p><em>Bu i\u00e7erik bilgilendirme ama\u00e7l\u0131d\u0131r; t\u0131bbi tan\u0131 ve tedavi yerine ge\u00e7mez.<\/em><\/p>","protected":false},"excerpt":{"rendered":"<p>Bebe\u011finizin kafa \u015fekliyle ilgili bir uzmana ba\u015fvurdu\u011funuzda veya 3D tarama yapt\u0131rd\u0131\u011f\u0131n\u0131zda, \u00f6n\u00fcn\u00fcze gelen raporda &#8220;CVAI&#8221; ad\u0131nda bir terim ve yan\u0131nda baz\u0131 y\u00fczdelik rakamlar g\u00f6r\u00fcrs\u00fcn\u00fcz. Bu rakamlar, ebeveynler i\u00e7in \u00e7o\u011fu zaman karma\u015f\u0131k g\u00f6r\u00fcnse de, asl\u0131nda tedavinin yol haritas\u0131n\u0131 \u00e7izen en temel pusulad\u0131r. &#8220;Hafif&#8221;, &#8220;Orta&#8221; veya &#8220;\u015eiddetli&#8221; gibi kelimeler \u00f6zneldir; doktordan doktora de\u011fi\u015febilir. Ancak Kraniyal Asimetri \u0130ndeksi [&hellip;]<\/p>","protected":false},"author":1,"featured_media":0,"comment_status":"open","ping_status":"open","sticky":false,"template":"","format":"standard","meta":{"_sitemap_exclude":false,"_sitemap_priority":"","_sitemap_frequency":"","footnotes":""},"categories":[10,9,90],"tags":[69,70,83],"class_list":["post-2354","post","type-post","status-publish","format-standard","hentry","category-cranial-kask","category-craniowell-helmet","category-kafa-sekil-bozukluklari","tag-bebek-yatis-pozisyonu","tag-duz-kafali-bebek","tag-kafa-sekil-bozuklugu"],"_links":{"self":[{"href":"https:\/\/www.craniowell.com\/en\/wp-json\/wp\/v2\/posts\/2354","targetHints":{"allow":["GET"]}}],"collection":[{"href":"https:\/\/www.craniowell.com\/en\/wp-json\/wp\/v2\/posts"}],"about":[{"href":"https:\/\/www.craniowell.com\/en\/wp-json\/wp\/v2\/types\/post"}],"author":[{"embeddable":true,"href":"https:\/\/www.craniowell.com\/en\/wp-json\/wp\/v2\/users\/1"}],"replies":[{"embeddable":true,"href":"https:\/\/www.craniowell.com\/en\/wp-json\/wp\/v2\/comments?post=2354"}],"version-history":[{"count":1,"href":"https:\/\/www.craniowell.com\/en\/wp-json\/wp\/v2\/posts\/2354\/revisions"}],"predecessor-version":[{"id":2355,"href":"https:\/\/www.craniowell.com\/en\/wp-json\/wp\/v2\/posts\/2354\/revisions\/2355"}],"wp:attachment":[{"href":"https:\/\/www.craniowell.com\/en\/wp-json\/wp\/v2\/media?parent=2354"}],"wp:term":[{"taxonomy":"category","embeddable":true,"href":"https:\/\/www.craniowell.com\/en\/wp-json\/wp\/v2\/categories?post=2354"},{"taxonomy":"post_tag","embeddable":true,"href":"https:\/\/www.craniowell.com\/en\/wp-json\/wp\/v2\/tags?post=2354"}],"curies":[{"name":"wp","href":"https:\/\/api.w.org\/{rel}","templated":true}]}}