{"id":2349,"date":"2026-01-21T12:00:00","date_gmt":"2026-01-21T12:00:00","guid":{"rendered":"https:\/\/www.craniowell.com\/?p=2349"},"modified":"2026-01-18T22:02:53","modified_gmt":"2026-01-18T22:02:53","slug":"3d-kafa-tarama-teknolojisi-ve-mezura-farki","status":"publish","type":"post","link":"https:\/\/www.craniowell.com\/en\/3d-kafa-tarama-teknolojisi-ve-mezura-farki\/","title":{"rendered":"3D Kafa Tarama (Scanning) Teknolojisi Nedir? Neden Mezura Yetersizdir?"},"content":{"rendered":"<p>Bebe\u011finizin doktor kontrollerinde ba\u015f \u00e7evresinin mezura ile \u00f6l\u00e7\u00fcld\u00fc\u011f\u00fcn\u00fc biliyorsunuz. Ancak kafa \u015fekil bozuklu\u011fu (d\u00fcz kafa sendromu) \u015f\u00fcphesiyle farkl\u0131 doktorlara gitti\u011finizde, farkl\u0131 yorumlar (biri &#8220;hafif&#8221; derken di\u011feri &#8220;orta&#8221; diyebilir) duyuyor olabilirsiniz. Bu \u00f6znellik, ebeveynlerin kafas\u0131n\u0131 kar\u0131\u015ft\u0131r\u0131r ve tedavi karar\u0131n\u0131 zorla\u015ft\u0131r\u0131r.<\/p>\n\n\n\n<p>\u0130\u015fte bu noktada teknoloji devreye girer. <strong>Craniowell Ortez Protez Merkezi<\/strong> olarak, tan\u0131 ve takip s\u00fcrecinde &#8220;g\u00f6z karar\u0131&#8221; veya &#8220;mezura&#8221; y\u00f6ntemlerini de\u011fil, alt\u0131n standart kabul edilen <strong>3D Kafa Tarama (Scanning)<\/strong> teknolojisini kullan\u0131yoruz. Peki, bu teknoloji nedir ve neden klasik y\u00f6ntemlerden \u00e7ok daha \u00fcst\u00fcnd\u00fcr?<\/p>\n\n\n\n<h2 class=\"wp-block-heading\">3D Kafa Tarama Teknolojisi Nedir?<\/h2>\n\n\n\n<p>3D kafa tarama; bebe\u011finizin kafa \u015feklinin \u00fc\u00e7 boyutlu, dijital bir kopyas\u0131n\u0131 olu\u015fturan geli\u015fmi\u015f bir g\u00f6r\u00fcnt\u00fcleme y\u00f6ntemidir. Bu cihazlar, bebe\u011fin kafas\u0131n\u0131n etraf\u0131nda dola\u015ft\u0131r\u0131larak (veya sabit bir sistemde) saniyeler i\u00e7inde binlerce veri noktas\u0131 toplar.<\/p>\n\n\n\n<p>Sonu\u00e7ta bilgisayar ekran\u0131nda, bebe\u011finizin kafas\u0131n\u0131n birebir ayn\u0131s\u0131 olan, her y\u00f6nden \u00e7evirip inceleyebilece\u011fimiz, milimetrik hassasiyete sahip &#8220;dijital bir ikiz&#8221; olu\u015fur.<\/p>\n\n\n\n<h2 class=\"wp-block-heading\">En \u00d6nemli Soru: Radyasyon Var m\u0131? (G\u00fcvenlik)<\/h2>\n\n\n\n<p>Ebeveynlerin en b\u00fcy\u00fck endi\u015fesi budur. Net bir \u015fekilde belirtelim: <strong>HAYIR, 3D tarama cihazlar\u0131 radyasyon yaymaz.<\/strong><\/p>\n\n\n\n<ul class=\"wp-block-list\">\n<li>Bu cihazlar R\u00f6ntgen veya Tomografi (BT) gibi X-\u0131\u015f\u0131n\u0131 kullanmaz.<\/li>\n\n\n\n<li>\u00c7al\u0131\u015fma prensibi genellikle <strong>&#8220;zarars\u0131z \u0131\u015f\u0131k (white light)&#8221;<\/strong> veya <strong>&#8220;lazer \u00e7izgileri (s\u0131n\u0131f 1 g\u00fcvenli)&#8221;<\/strong> teknolojisine dayan\u0131r. T\u0131pk\u0131 bir foto\u011fraf makinesiyle foto\u011fraf \u00e7ekmek kadar g\u00fcvenlidir. Bebe\u011finizin g\u00f6zlerine veya cildine zarar vermez.<\/li>\n<\/ul>\n\n\n\n<h2 class=\"wp-block-heading\">Neden Mezura (Manuel \u00d6l\u00e7\u00fcm) Yetersizdir?<\/h2>\n\n\n\n<p>Mezura, kafa <strong>\u00e7evresini<\/strong> (b\u00fcy\u00fckl\u00fc\u011f\u00fcn\u00fc) \u00f6l\u00e7mek i\u00e7in harikad\u0131r ancak kafa <strong>\u015feklini<\/strong> analiz etmekte yetersiz kal\u0131r. \u0130\u015fte farklar:<\/p>\n\n\n\n<h3 class=\"wp-block-heading\">1. \u00c7evre vs. \u015eekil Sorunu<\/h3>\n\n\n\n<p>Bir kare ile bir dairenin \u00e7evre uzunlu\u011fu ayn\u0131 olabilir (\u00f6rne\u011fin ikisi de 40 cm olabilir). Mezura size sadece &#8220;40 cm&#8221; der; \u015feklin kare mi yoksa daire mi oldu\u011funu s\u00f6ylemez.<\/p>\n\n\n\n<ul class=\"wp-block-list\">\n<li><strong>Mezura:<\/strong> Sadece b\u00fcy\u00fcmeyi takip eder.<\/li>\n\n\n\n<li><strong>3D Tarama:<\/strong> Hacimsel da\u011f\u0131l\u0131m\u0131, hangi b\u00f6lgenin d\u00fczle\u015fti\u011fini, hangi b\u00f6lgenin \u00e7\u0131k\u0131nt\u0131 yapt\u0131\u011f\u0131n\u0131 g\u00f6sterir.<\/li>\n<\/ul>\n\n\n\n<h3 class=\"wp-block-heading\">2. \u0130nsan Hatas\u0131 (Subjektivite)<\/h3>\n\n\n\n<p>Mezura ile yap\u0131lan \u00f6l\u00e7\u00fcmler ki\u015fiden ki\u015fiye de\u011fi\u015febilir.<\/p>\n\n\n\n<ul class=\"wp-block-list\">\n<li>Mezuray\u0131 tutu\u015f a\u00e7\u0131s\u0131, s\u0131k\u0131l\u0131\u011f\u0131 veya bebe\u011fin o an hareket etmesi sonucu 5 mm&#8217;ye varan hatalar olu\u015fabilir.<\/li>\n\n\n\n<li>3D tarama ise <strong>objektiftir.<\/strong> Ayn\u0131 bebe\u011fi 10 kez tarasan\u0131z, 10 kez ayn\u0131 sonucu al\u0131rs\u0131n\u0131z. Bu, tedavinin i\u015fe yaray\u0131p yaramad\u0131\u011f\u0131n\u0131 anlamak i\u00e7in kritik \u00f6nem ta\u015f\u0131r.<\/li>\n<\/ul>\n\n\n\n<h3 class=\"wp-block-heading\">3. Asimetri Analizi (CVAI De\u011feri)<\/h3>\n\n\n\n<p>Kafa yamuklu\u011funun \u015fiddetini belirleyen uluslararas\u0131 bir de\u011fer vard\u0131r: <strong>CVAI (Kranial Kasa Asimetri \u0130ndeksi).<\/strong><\/p>\n\n\n\n<ul class=\"wp-block-list\">\n<li>Bu de\u011feri mezura veya kumpasla (pergelle) hesaplamak zor ve hataya a\u00e7\u0131kt\u0131r.<\/li>\n\n\n\n<li>3D taray\u0131c\u0131lar bu oran\u0131 otomatik ve %0.1 hata pay\u0131 ile hesaplar. Tedaviye ihtiyac\u0131n\u0131z olup olmad\u0131\u011f\u0131na bu net veriyle karar verilir.<\/li>\n<\/ul>\n\n\n\n<h2 class=\"wp-block-heading\">Craniowell&#8217;de Tarama S\u00fcreci Nas\u0131l \u0130\u015fler?<\/h2>\n\n\n\n<p>Bebekler yerinde duramaz, bunu biliyoruz! Kulland\u0131\u011f\u0131m\u0131z teknolojiler bebeklerin hareketlili\u011fine uygun olarak tasarlanm\u0131\u015ft\u0131r.<\/p>\n\n\n\n<ol start=\"1\" class=\"wp-block-list\">\n<li><strong>Haz\u0131rl\u0131k:<\/strong> Bebe\u011fin ba\u015f\u0131na, taray\u0131c\u0131n\u0131n referans alabilmesi i\u00e7in \u00f6zel, ince bir bone (stockinette) tak\u0131l\u0131r. Bu bone bebe\u011fin can\u0131n\u0131 ac\u0131tmaz.<\/li>\n\n\n\n<li><strong>Tarama:<\/strong> Bebek ebeveyninin kuca\u011f\u0131ndayken veya \u00f6zel koltukta otururken, uzman\u0131m\u0131z el taray\u0131c\u0131s\u0131yla ba\u015f\u0131n etraf\u0131nda 360 derece d\u00f6ner.<\/li>\n\n\n\n<li><strong>S\u00fcre:<\/strong> \u0130\u015flem genellikle <strong>2 dakikadan az<\/strong> s\u00fcrer. Bebek a\u011flamaz, korkmaz.<\/li>\n\n\n\n<li><strong>Sonu\u00e7:<\/strong> Tarama biter bitmez ekranda 3 boyutlu model belirir. Uzman\u0131m\u0131z, bu model \u00fczerinde renkli haritaland\u0131rma yaparak size d\u00fczle\u015fmenin nerede oldu\u011funu g\u00f6rsel olarak anlat\u0131r.<\/li>\n<\/ol>\n\n\n\n<h2 class=\"wp-block-heading\">Raporlama ve Tedavi Karar\u0131<\/h2>\n\n\n\n<p>Tarama sonucunda size detayl\u0131 bir rapor sunulur. Bu raporda:<\/p>\n\n\n\n<ul class=\"wp-block-list\">\n<li>Asimetrinin \u015fiddeti (Hafif, Orta, \u0130leri),<\/li>\n\n\n\n<li>Kafan\u0131n hangi y\u00f6ne ne kadar kayd\u0131\u011f\u0131,<\/li>\n\n\n\n<li>Kulaklar aras\u0131ndaki mesafe fark\u0131 yer al\u0131r.<\/li>\n<\/ul>\n\n\n\n<p>Bu somut verilere dayanarak, kask tedavisine ihtiyac\u0131n\u0131z olup olmad\u0131\u011f\u0131na <strong>bilimsel olarak<\/strong> karar verilir. &#8220;Bence d\u00fczelir&#8221; tahminleri yerini &#8220;Veriler bunu g\u00f6steriyor&#8221; ger\u00e7e\u011fine b\u0131rak\u0131r.<\/p>\n\n\n\n<hr class=\"wp-block-separator has-alpha-channel-opacity\"\/>\n\n\n\n<h3 class=\"wp-block-heading\">S\u0131k\u00e7a Sorulan Sorular (SSS)<\/h3>\n\n\n\n<p><strong>3D tarama i\u00e7in bebe\u011fimi uyutmam gerekir mi?<\/strong> Hay\u0131r, kesinlikle gerekmez. Tomografi (MR\/BT) \u00e7ekimlerindeki gibi hareketsizlik \u015fart\u0131 o kadar kat\u0131 de\u011fildir. Bebek uyan\u0131kken, oyun oynarken bile tarama yap\u0131labilir.<\/p>\n\n\n\n<p><strong>Taramadan \u00e7\u0131kan \u0131\u015f\u0131k bebe\u011fin g\u00f6z\u00fcn\u00fc bozar m\u0131?<\/strong> Kulland\u0131\u011f\u0131m\u0131z cihazlar &#8220;G\u00f6z G\u00fcvenli\u011fi Sertifikal\u0131d\u0131r&#8221;. Foto\u011fraf makinesi fla\u015f\u0131ndan bile daha az rahats\u0131z edicidir. Yine de tarama s\u0131ras\u0131nda bebe\u011fin ilgisini ba\u015fka y\u00f6ne \u00e7ekerek do\u011frudan \u0131\u015f\u0131\u011fa bakmamas\u0131n\u0131 sa\u011flar\u0131z.<\/p>\n\n\n\n<p><strong>Her kontrolde tarama yap\u0131l\u0131yor mu?<\/strong> Evet. Kask tedavisi g\u00f6ren bebeklerde, de\u011fi\u015fimi g\u00f6rmek ve kask\u0131n \u00fczerinde yap\u0131lacak d\u00fczeltmeleri belirlemek i\u00e7in d\u00fczenli aral\u0131klarla (genellikle 2-3 haftada bir) tarama tekrarlan\u0131r.<\/p>\n\n\n\n<hr class=\"wp-block-separator has-alpha-channel-opacity\"\/>\n\n\n\n<h3 class=\"wp-block-heading\">Sonu\u00e7: G\u00f6z Karar\u0131 De\u011fil, Teknoloji Karar\u0131<\/h3>\n\n\n\n<p>Bebe\u011finizin sa\u011fl\u0131\u011f\u0131 tahminlere b\u0131rak\u0131lamayacak kadar de\u011ferlidir. Mezura \u00f6l\u00e7\u00fcmleri genel bir fikir verse de, kafa \u015fekil bozukluklar\u0131n\u0131n hassas tan\u0131s\u0131 ve takibi i\u00e7in teknoloji \u015fartt\u0131r.<\/p>\n\n\n\n<p><strong>Craniowell Ortez Protez Merkezi<\/strong>&#8216;ne gelerek, bebe\u011finizin 3D kafa analizini yapt\u0131rabilir; kafas\u0131ndaki asimetrinin derecesini net rakamlarla ve g\u00f6rsellerle \u00f6\u011frenebilirsiniz.<\/p>\n\n\n\n<p><em>Bu i\u00e7erik bilgilendirme ama\u00e7l\u0131d\u0131r; t\u0131bbi tan\u0131 ve tedavi yerine ge\u00e7mez.<\/em><\/p>","protected":false},"excerpt":{"rendered":"<p>Bebe\u011finizin doktor kontrollerinde ba\u015f \u00e7evresinin mezura ile \u00f6l\u00e7\u00fcld\u00fc\u011f\u00fcn\u00fc biliyorsunuz. Ancak kafa \u015fekil bozuklu\u011fu (d\u00fcz kafa sendromu) \u015f\u00fcphesiyle farkl\u0131 doktorlara gitti\u011finizde, farkl\u0131 yorumlar (biri &#8220;hafif&#8221; derken di\u011feri &#8220;orta&#8221; diyebilir) duyuyor olabilirsiniz. Bu \u00f6znellik, ebeveynlerin kafas\u0131n\u0131 kar\u0131\u015ft\u0131r\u0131r ve tedavi karar\u0131n\u0131 zorla\u015ft\u0131r\u0131r. \u0130\u015fte bu noktada teknoloji devreye girer. Craniowell Ortez Protez Merkezi olarak, tan\u0131 ve takip s\u00fcrecinde &#8220;g\u00f6z [&hellip;]<\/p>","protected":false},"author":1,"featured_media":0,"comment_status":"open","ping_status":"open","sticky":false,"template":"","format":"standard","meta":{"_sitemap_exclude":false,"_sitemap_priority":"","_sitemap_frequency":"","footnotes":""},"categories":[10,9,90],"tags":[12,19,73],"class_list":["post-2349","post","type-post","status-publish","format-standard","hentry","category-cranial-kask","category-craniowell-helmet","category-kafa-sekil-bozukluklari","tag-kafa-sekil-bozukluklari","tag-kask-tedavisi-fiyatlari","tag-kraniosinostoz-tedavi-edilmezse-ne-olur"],"_links":{"self":[{"href":"https:\/\/www.craniowell.com\/en\/wp-json\/wp\/v2\/posts\/2349","targetHints":{"allow":["GET"]}}],"collection":[{"href":"https:\/\/www.craniowell.com\/en\/wp-json\/wp\/v2\/posts"}],"about":[{"href":"https:\/\/www.craniowell.com\/en\/wp-json\/wp\/v2\/types\/post"}],"author":[{"embeddable":true,"href":"https:\/\/www.craniowell.com\/en\/wp-json\/wp\/v2\/users\/1"}],"replies":[{"embeddable":true,"href":"https:\/\/www.craniowell.com\/en\/wp-json\/wp\/v2\/comments?post=2349"}],"version-history":[{"count":1,"href":"https:\/\/www.craniowell.com\/en\/wp-json\/wp\/v2\/posts\/2349\/revisions"}],"predecessor-version":[{"id":2350,"href":"https:\/\/www.craniowell.com\/en\/wp-json\/wp\/v2\/posts\/2349\/revisions\/2350"}],"wp:attachment":[{"href":"https:\/\/www.craniowell.com\/en\/wp-json\/wp\/v2\/media?parent=2349"}],"wp:term":[{"taxonomy":"category","embeddable":true,"href":"https:\/\/www.craniowell.com\/en\/wp-json\/wp\/v2\/categories?post=2349"},{"taxonomy":"post_tag","embeddable":true,"href":"https:\/\/www.craniowell.com\/en\/wp-json\/wp\/v2\/tags?post=2349"}],"curies":[{"name":"wp","href":"https:\/\/api.w.org\/{rel}","templated":true}]}}