{"id":2346,"date":"2026-01-18T21:58:48","date_gmt":"2026-01-18T21:58:48","guid":{"rendered":"https:\/\/www.craniowell.com\/?p=2346"},"modified":"2026-01-18T21:58:52","modified_gmt":"2026-01-18T21:58:52","slug":"kafa-sekil-bozuklugu-genetik-mi-pozisyonel-mi","status":"publish","type":"post","link":"https:\/\/www.craniowell.com\/en\/kafa-sekil-bozuklugu-genetik-mi-pozisyonel-mi\/","title":{"rendered":"Kafa \u015eekil Bozuklu\u011fu Genetik mi Yoksa Pozisyonel mi?"},"content":{"rendered":"<p>Bir bebek d\u00fcnyaya geldi\u011finde aile b\u00fcy\u00fckleri aras\u0131nda o tatl\u0131 tart\u0131\u015fma hemen ba\u015flar: &#8220;G\u00f6zleri annesine benziyor, \u00e7enesi babas\u0131na&#8230;&#8221; Peki ya kafa \u015fekli? Bebe\u011finizin ba\u015f\u0131ndaki d\u00fczl\u00fck veya asimetri, ailenizden gelen bir miras m\u0131, yoksa sonradan olu\u015fan bir durum mu?<\/p>\n\n\n\n<p>Ebeveynler genellikle kafa \u015fekil bozuklu\u011funu fark ettiklerinde kendilerini su\u00e7lama e\u011filimindedir (&#8220;Onu hep s\u0131rt \u00fcst\u00fc yat\u0131rd\u0131m&#8221;) ya da bunu genetik bir kader olarak g\u00f6r\u00fcp kabullenme yoluna giderler (&#8220;Babas\u0131n\u0131n da kafas\u0131 d\u00fczd\u00fc&#8221;). <strong>Craniowell Ortez Protez Merkezi<\/strong> olarak bu yaz\u0131da, kafa \u015feklindeki bozulmalar\u0131n ne kadar\u0131n\u0131n genetik, ne kadar\u0131n\u0131n \u00e7evresel (pozisyonel) oldu\u011funu netle\u015ftirece\u011fiz.<\/p>\n\n\n\n<h2 class=\"wp-block-heading\">Genel Kural: \u015eekil Genetik, Deformasyon Pozisyoneldir<\/h2>\n\n\n\n<p>Bunu daha basit bir ayr\u0131mla anlatal\u0131m:<\/p>\n\n\n\n<ol start=\"1\" class=\"wp-block-list\">\n<li><strong>Genetik Olan (Kal\u0131t\u0131m):<\/strong> Bebe\u011finizin kafa \u00e7evresinin b\u00fcy\u00fckl\u00fc\u011f\u00fc, genel hatlar\u0131 (\u00f6rne\u011fin yuvarlak m\u0131 yoksa oval mi oldu\u011fu) genellikle anne ve babadan al\u0131nan genlerle belirlenir. Asyal\u0131 bebeklerin kafa yap\u0131s\u0131n\u0131n daha geni\u015f (brakisefalik), Avrupal\u0131 bebeklerin daha uzun (dolikosefalik) olmas\u0131 gibi \u0131rksal \u00f6zellikler de genetiktir.<\/li>\n\n\n\n<li><strong>Pozisyonel Olan (\u00c7evresel):<\/strong> Ancak, kafan\u0131n arkas\u0131ndaki <strong>tek tarafl\u0131 d\u00fczle\u015fme (asimetri)<\/strong>, kula\u011f\u0131n kaymas\u0131 veya kafan\u0131n arkas\u0131n\u0131n d\u00fcmd\u00fcz olmas\u0131 (duvar gibi) genellikle do\u011fu\u015ftan gelmez. Bu durum, do\u011fum sonras\u0131 d\u0131\u015f etkenlerle (yat\u0131\u015f pozisyonu) olu\u015fan <strong>deformasyonel<\/strong> bir durumdur.<\/li>\n<\/ol>\n\n\n\n<p>Yani; bebe\u011finizin &#8220;b\u00fcy\u00fck kafal\u0131&#8221; olmas\u0131 genetik olabilir, ama &#8220;yamuk kafal\u0131&#8221; olmas\u0131 b\u00fcy\u00fck ihtimalle pozisyoneldir.<\/p>\n\n\n\n<h2 class=\"wp-block-heading\">Hangi Durumlar Genetiktir?<\/h2>\n\n\n\n<p>Baz\u0131 kafa \u015fekil bozukluklar\u0131 yap\u0131sal ve genetiktir. Bunlar d\u0131\u015f m\u00fcdahale (yat\u0131\u015f pozisyonu) ile olu\u015fmaz ve yine yat\u0131\u015f pozisyonu ile d\u00fczelmez.<\/p>\n\n\n\n<ul class=\"wp-block-list\">\n<li><strong>Kraniyosinostoz:<\/strong> Daha \u00f6nceki yaz\u0131lar\u0131m\u0131zda bahsetti\u011fimiz, kafa kemiklerinin anne karn\u0131nda erken kaynamas\u0131 durumu. Bu durum genetik mutasyonlarla veya sendromlarla ili\u015fkili olabilir.<\/li>\n\n\n\n<li><strong>Ailesel Makrosefali\/Mikrosefali:<\/strong> Ailede herkesin ba\u015f \u00e7evresi b\u00fcy\u00fckse, bebe\u011fin de b\u00fcy\u00fck olmas\u0131 genetik bir mirast\u0131r ve bir hastal\u0131k de\u011fildir.<\/li>\n<\/ul>\n\n\n\n<h2 class=\"wp-block-heading\">Hangi Durumlar Pozisyoneldir? (Yayg\u0131n Olanlar)<\/h2>\n\n\n\n<p>G\u00fcn\u00fcm\u00fczde kar\u015f\u0131la\u015ft\u0131\u011f\u0131m\u0131z \u015fekil bozukluklar\u0131n\u0131n \u00e7ok b\u00fcy\u00fck bir k\u0131sm\u0131 (Plagiosefali ve Deformasyonel Brakisefali) genetikte kodlanm\u0131\u015f bir durum de\u011fildir. Tamamen fiziksel kurallara (yer\u00e7ekimi ve bask\u0131) dayan\u0131r.<\/p>\n\n\n\n<ul class=\"wp-block-list\">\n<li><strong>S\u0131rt \u00dcst\u00fc Yat\u0131\u015f:<\/strong> G\u00fcvenli uyku i\u00e7in gereklidir ancak kafa arkas\u0131n\u0131 d\u00fczle\u015ftirir.<\/li>\n\n\n\n<li><strong>Rahim \u0130\u00e7i S\u0131k\u0131\u015f\u0131kl\u0131k:<\/strong> \u0130kiz gebeliklerdeki yer darl\u0131\u011f\u0131.<\/li>\n\n\n\n<li><strong>Tortikolis (E\u011fri Boyun):<\/strong> Kas k\u0131sal\u0131\u011f\u0131 nedeniyle bebe\u011fin ba\u015f\u0131n\u0131 hep ayn\u0131 yere koymas\u0131.<\/li>\n<\/ul>\n\n\n\n<h2 class=\"wp-block-heading\">Genetik Yatk\u0131nl\u0131k &#8220;Zemin&#8221; Haz\u0131rlayabilir mi?<\/h2>\n\n\n\n<p>\u0130\u015fte en kritik nokta buras\u0131d\u0131r. D\u00fcz kafa sendromunun kendisi genetik de\u011fildir ama <strong>genetik \u00f6zellikler riski art\u0131rabilir.<\/strong> Nas\u0131l m\u0131?<\/p>\n\n\n\n<ul class=\"wp-block-list\">\n<li><strong>\u00d6rnek 1:<\/strong> E\u011fer bebek genetik olarak &#8220;yumu\u015fak kemik yap\u0131s\u0131na&#8221; veya &#8220;daha b\u00fcy\u00fck ve a\u011f\u0131r bir kafaya&#8221; sahipse, yer\u00e7ekimine kar\u015f\u0131 daha savunmas\u0131z olur ve d\u00fczle\u015fme daha h\u0131zl\u0131 geli\u015fir.<\/li>\n\n\n\n<li><strong>\u00d6rnek 2:<\/strong> E\u011fer bebek, babas\u0131ndan &#8220;hareketli ve huzursuz uyuma&#8221; huyunu de\u011fil de, annesinden &#8220;derin ve hareketsiz uyuma&#8221; \u00f6zelli\u011fini ald\u0131ysa; gece boyunca hi\u00e7 k\u0131p\u0131rdamadan ayn\u0131 noktaya bask\u0131 yapaca\u011f\u0131 i\u00e7in risk artar.<\/li>\n<\/ul>\n\n\n\n<p>Dolay\u0131s\u0131yla; <em>&#8220;Babas\u0131n\u0131n da kafas\u0131 d\u00fczd\u00fc, genetik herhalde&#8221;<\/em> demek \u00e7o\u011fu zaman yanl\u0131\u015ft\u0131r. Muhtemelen babas\u0131 da bebekli\u011finde s\u00fcrekli s\u0131rt \u00fcst\u00fc yat\u0131r\u0131lm\u0131\u015ft\u0131 (o d\u00f6nemki kundak k\u00fclt\u00fcr\u00fcn\u00fc hat\u0131rlay\u0131n) ve tedavi edilmedi\u011fi i\u00e7in o \u015fekil kal\u0131c\u0131 oldu.<\/p>\n\n\n\n<h2 class=\"wp-block-heading\">Tablo: Genetik mi, Pozisyonel mi?<\/h2>\n\n\n\n<figure class=\"wp-block-table\"><table class=\"has-fixed-layout\"><thead><tr><td><strong>\u00d6zellik<\/strong><\/td><td><strong>Genetik\/Yap\u0131sal Olabilir<\/strong><\/td><td><strong>Genellikle Pozisyoneldir<\/strong><\/td><\/tr><\/thead><tbody><tr><td><strong>Kafa \u00c7evresi B\u00fcy\u00fckl\u00fc\u011f\u00fc<\/strong><\/td><td>Evet (Ailevi \u00f6zellik)<\/td><td>Hay\u0131r<\/td><\/tr><tr><td><strong>Simetrik Geni\u015flik (Irksal)<\/strong><\/td><td>Evet (Asya\/Avrupa tipi)<\/td><td>Hay\u0131r<\/td><\/tr><tr><td><strong>Tek Tarafl\u0131 D\u00fczl\u00fck (Yamukluk)<\/strong><\/td><td>Hay\u0131r (Nadiren sendromik)<\/td><td><strong>Evet (%99)<\/strong><\/td><\/tr><tr><td><strong>Kulak Kaymas\u0131 (Asimetri)<\/strong><\/td><td>Hay\u0131r<\/td><td><strong>Evet<\/strong><\/td><\/tr><tr><td><strong>B\u0131ng\u0131ldak Kapanmas\u0131<\/strong><\/td><td>Evet (Metabolik\/Genetik)<\/td><td>Hay\u0131r<\/td><\/tr><\/tbody><\/table><\/figure>\n\n\n\n<h2 class=\"wp-block-heading\">Kask Tedavisi Genetik Durumlarda \u0130\u015fe Yarar m\u0131?<\/h2>\n\n\n\n<ul class=\"wp-block-list\">\n<li><strong>Pozisyonel Deformasyonlarda:<\/strong> Kask tedavisi (Kranial Ortez) <strong>alt\u0131n standartt\u0131r.<\/strong> M\u00fckemmel sonu\u00e7lar verir.<\/li>\n\n\n\n<li><strong>Genetik\/Yap\u0131sal Durumlarda (Sinostoz):<\/strong> Tek ba\u015f\u0131na kask i\u015fe yaramaz. \u00d6nce cerrahi m\u00fcdahale gerekir, ard\u0131ndan \u015fekli korumak i\u00e7in kask kullan\u0131l\u0131r.<\/li>\n\n\n\n<li><strong>Ailesel Kafa \u015eekli (Sadece Geni\u015flik):<\/strong> E\u011fer bir asimetri veya deformasyon yoksa, sadece &#8220;aile tipi kafa yap\u0131s\u0131n\u0131&#8221; de\u011fi\u015ftirmek i\u00e7in (estetik ama\u00e7l\u0131 keyfi olarak) kask tedavisi <strong>uygulanmaz.<\/strong> Craniowell etik de\u011ferleri gere\u011fi sadece t\u0131bbi deformasyonlara m\u00fcdahale eder.<\/li>\n<\/ul>\n\n\n\n<hr class=\"wp-block-separator has-alpha-channel-opacity\"\/>\n\n\n\n<h3 class=\"wp-block-heading\">S\u0131k\u00e7a Sorulan Sorular (SSS)<\/h3>\n\n\n\n<p>\u0130kinci \u00e7ocu\u011fumda da d\u00fcz kafa olur mu?<\/p>\n\n\n\n<p>Bu genetik bir ge\u00e7i\u015ften ziyade, ebeveynlik al\u0131\u015fkanl\u0131klar\u0131yla ilgilidir. \u0130lk \u00e7ocu\u011funuzda kulland\u0131\u011f\u0131n\u0131z sert yatak, ta\u015f\u0131ma gere\u00e7leri veya yat\u0131\u015f al\u0131\u015fkanl\u0131klar\u0131 ikincisinde de devam ederse risk ayn\u0131d\u0131r. Ancak tecr\u00fcbelendi\u011finiz i\u00e7in \u00f6nlem alman\u0131z daha kolay olacakt\u0131r.<\/p>\n\n\n\n<p>Kafas\u0131 d\u00fcz olan bebeklerin zekas\u0131 genetik olarak etkilenir mi?<\/p>\n\n\n\n<p>Pozisyonel d\u00fcz kafa sendromu, beyin geli\u015fimini veya zeka kapasitesini genetik olarak bozmaz. Bu sadece \u015fekilsel bir durumdur.<\/p>\n\n\n\n<p>Bebe\u011fim kime \u00e7ekmi\u015f diye beklemeli miyim?<\/p>\n\n\n\n<p>Hay\u0131r. &#8220;Day\u0131s\u0131na \u00e7ekmi\u015f, zamanla d\u00fczelir&#8221; diyerek beklemek, kask tedavisi i\u00e7in en verimli olan ilk 6 ay\u0131 ka\u00e7\u0131rman\u0131za neden olabilir. \u015e\u00fcpheniz varsa genetik analize de\u011fil, 3D kafa \u00f6l\u00e7\u00fcm\u00fcne ihtiyac\u0131n\u0131z vard\u0131r.<\/p>\n\n\n\n<hr class=\"wp-block-separator has-alpha-channel-opacity\"\/>\n\n\n\n<h3 class=\"wp-block-heading\">Sonu\u00e7 ve Uzman G\u00f6r\u00fc\u015f\u00fc<\/h3>\n\n\n\n<p>Bebe\u011finizin kafa \u015fekli &#8220;kaderi&#8221; olmak zorunda de\u011fildir. \u0130ster genetik yatk\u0131nl\u0131\u011f\u0131 olsun, ister tamamen yat\u0131\u015fa ba\u011fl\u0131 geli\u015fsin; g\u00fcn\u00fcm\u00fcz teknolojisinde bu deformasyonlar\u0131n \u00e7\u00f6z\u00fcm\u00fc m\u00fcmk\u00fcnd\u00fcr.<\/p>\n\n\n\n<p>Kendinizi su\u00e7lamay\u0131 veya &#8220;genetiktir&#8221; diyerek kabullenmeyi bir kenara b\u0131rak\u0131n. <strong>Craniowell Ortez Protez Merkezi<\/strong>&#8216;nde yap\u0131lan \u00fccretsiz \u00f6n de\u011ferlendirme ile sorunun kayna\u011f\u0131n\u0131 (genetik mi, pozisyonel mi) anlayabilir ve minik bebe\u011finiz i\u00e7in en do\u011fru yol haritas\u0131n\u0131 \u00e7izebiliriz.<\/p>\n\n\n\n<p><em>Bu i\u00e7erik bilgilendirme ama\u00e7l\u0131d\u0131r; t\u0131bbi tan\u0131 ve tedavi yerine ge\u00e7mez.<\/em><\/p>","protected":false},"excerpt":{"rendered":"<p>Bir bebek d\u00fcnyaya geldi\u011finde aile b\u00fcy\u00fckleri aras\u0131nda o tatl\u0131 tart\u0131\u015fma hemen ba\u015flar: &#8220;G\u00f6zleri annesine benziyor, \u00e7enesi babas\u0131na&#8230;&#8221; Peki ya kafa \u015fekli? Bebe\u011finizin ba\u015f\u0131ndaki d\u00fczl\u00fck veya asimetri, ailenizden gelen bir miras m\u0131, yoksa sonradan olu\u015fan bir durum mu? Ebeveynler genellikle kafa \u015fekil bozuklu\u011funu fark ettiklerinde kendilerini su\u00e7lama e\u011filimindedir (&#8220;Onu hep s\u0131rt \u00fcst\u00fc yat\u0131rd\u0131m&#8221;) ya da bunu [&hellip;]<\/p>","protected":false},"author":1,"featured_media":0,"comment_status":"open","ping_status":"open","sticky":false,"template":"","format":"standard","meta":{"_sitemap_exclude":false,"_sitemap_priority":"","_sitemap_frequency":"","footnotes":""},"categories":[10,9,90],"tags":[14,12,73],"class_list":["post-2346","post","type-post","status-publish","format-standard","hentry","category-cranial-kask","category-craniowell-helmet","category-kafa-sekil-bozukluklari","tag-bebek-kask-tedavisi","tag-kafa-sekil-bozukluklari","tag-kraniosinostoz-tedavi-edilmezse-ne-olur"],"_links":{"self":[{"href":"https:\/\/www.craniowell.com\/en\/wp-json\/wp\/v2\/posts\/2346","targetHints":{"allow":["GET"]}}],"collection":[{"href":"https:\/\/www.craniowell.com\/en\/wp-json\/wp\/v2\/posts"}],"about":[{"href":"https:\/\/www.craniowell.com\/en\/wp-json\/wp\/v2\/types\/post"}],"author":[{"embeddable":true,"href":"https:\/\/www.craniowell.com\/en\/wp-json\/wp\/v2\/users\/1"}],"replies":[{"embeddable":true,"href":"https:\/\/www.craniowell.com\/en\/wp-json\/wp\/v2\/comments?post=2346"}],"version-history":[{"count":1,"href":"https:\/\/www.craniowell.com\/en\/wp-json\/wp\/v2\/posts\/2346\/revisions"}],"predecessor-version":[{"id":2347,"href":"https:\/\/www.craniowell.com\/en\/wp-json\/wp\/v2\/posts\/2346\/revisions\/2347"}],"wp:attachment":[{"href":"https:\/\/www.craniowell.com\/en\/wp-json\/wp\/v2\/media?parent=2346"}],"wp:term":[{"taxonomy":"category","embeddable":true,"href":"https:\/\/www.craniowell.com\/en\/wp-json\/wp\/v2\/categories?post=2346"},{"taxonomy":"post_tag","embeddable":true,"href":"https:\/\/www.craniowell.com\/en\/wp-json\/wp\/v2\/tags?post=2346"}],"curies":[{"name":"wp","href":"https:\/\/api.w.org\/{rel}","templated":true}]}}