{"id":2343,"date":"2026-01-21T11:52:00","date_gmt":"2026-01-21T11:52:00","guid":{"rendered":"https:\/\/www.craniowell.com\/?p=2343"},"modified":"2026-01-18T21:55:30","modified_gmt":"2026-01-18T21:55:30","slug":"bebeklerde-bingildak-ve-kask-tedavisi","status":"publish","type":"post","link":"https:\/\/www.craniowell.com\/en\/bebeklerde-bingildak-ve-kask-tedavisi\/","title":{"rendered":"Bebeklerde B\u0131ng\u0131ldak (Fontanel) Kapanma S\u00fcreci ve Kask Tedavisi"},"content":{"rendered":"<p>Yeni anne babalar\u0131n bebeklerini kucaklar\u0131na ald\u0131klar\u0131nda en \u00e7ok \u00e7ekindikleri b\u00f6lge, genellikle ba\u015f\u0131n tepesindeki o yumu\u015fak noktad\u0131r: <strong>B\u0131ng\u0131ldak.<\/strong> Oraya dokunmaktan korkar, y\u0131karken ekstra \u00f6zen g\u00f6sterirler. Hatta halk aras\u0131nda &#8220;b\u0131ng\u0131lda\u011fa dokunulmaz, zekas\u0131 etkilenir&#8221; gibi yanl\u0131\u015f inan\u0131\u015flar bile vard\u0131r.<\/p>\n\n\n\n<p>T\u0131bbi ad\u0131yla <strong>Fontanel<\/strong>, bebe\u011fin sa\u011fl\u0131kl\u0131 geli\u015fimi i\u00e7in hayati bir role sahiptir. Peki, <strong>bebeklerde b\u0131ng\u0131ldak<\/strong> ne zaman kapan\u0131r ve kafa \u015fekil bozuklu\u011fu tedavisinde (kask tedavisinde) nas\u0131l bir rol oynar? <strong>Craniowell Ortez Protez Merkezi<\/strong> olarak, bu hassas konuyu ebeveynler i\u00e7in ayd\u0131nlatt\u0131k.<\/p>\n\n\n\n<h2 class=\"wp-block-heading\">Bebeklerde B\u0131ng\u0131ldak (Fontanel) Nedir ve Neden Vard\u0131r?<\/h2>\n\n\n\n<p>B\u0131ng\u0131ldaklar, bebe\u011fin kafatas\u0131 kemiklerinin birle\u015fme noktalar\u0131nda bulunan, kemikle\u015fmemi\u015f, sa\u011flam zarla kapl\u0131 yumu\u015fak bo\u015fluklard\u0131r. Bebeklerde genellikle 6 adet fontanel bulunur ancak en \u00f6nemlileri <strong>\u00d6n<\/strong> ve <strong>Arka<\/strong> fontanellerdir.<\/p>\n\n\n\n<p>Do\u011fa bu bo\u015fluklar\u0131 iki temel ama\u00e7 i\u00e7in b\u0131rakm\u0131\u015ft\u0131r:<\/p>\n\n\n\n<ol start=\"1\" class=\"wp-block-list\">\n<li><strong>Do\u011fumun Kolayla\u015fmas\u0131:<\/strong> Bebe\u011fin ba\u015f\u0131 do\u011fum kanal\u0131ndan ge\u00e7erken kemikler bu bo\u015fluklar sayesinde birbirinin \u00fczerine kayarak (molding) ba\u015f \u00e7evresini k\u00fc\u00e7\u00fclt\u00fcr ve do\u011fumu m\u00fcmk\u00fcn k\u0131lar.<\/li>\n\n\n\n<li><strong>Beyin B\u00fcy\u00fcmesi:<\/strong> Do\u011fumdan sonra h\u0131zla b\u00fcy\u00fcyen beyne yer a\u00e7mak i\u00e7in kafatas\u0131n\u0131n esnemesini sa\u011flar.<\/li>\n<\/ol>\n\n\n\n<h2 class=\"wp-block-heading\">B\u0131ng\u0131ldak Ne Zaman Kapan\u0131r?<\/h2>\n\n\n\n<p>Her bebe\u011fin geli\u015fim h\u0131z\u0131 farkl\u0131 olsa da, genel kabul g\u00f6ren t\u0131bbi s\u00fcreler \u015f\u00f6yledir:<\/p>\n\n\n\n<ul class=\"wp-block-list\">\n<li><strong>Arka B\u0131ng\u0131ldak (K\u00fc\u00e7\u00fck \u00dc\u00e7gen):<\/strong> Genellikle do\u011fumdan sonraki <strong>2-3. ayda<\/strong> kapan\u0131r. Erken kapand\u0131\u011f\u0131 i\u00e7in ebeveynler \u00e7o\u011fu zaman fark etmez bile.<\/li>\n\n\n\n<li><strong>\u00d6n B\u0131ng\u0131ldak (B\u00fcy\u00fck Baklava Dilimi):<\/strong> Ba\u015f\u0131n tam tepesindedir. Kapanma s\u00fcresi daha geni\u015ftir; <strong>9. ay ile 18. ay aras\u0131nda<\/strong> kapanmas\u0131 beklenir.<\/li>\n<\/ul>\n\n\n\n<p><strong>\u00d6nemli Uyar\u0131:<\/strong> B\u0131ng\u0131lda\u011f\u0131n \u00e7ok erken kapanmas\u0131 (\u00f6rne\u011fin 3. ayda \u00f6n b\u0131ng\u0131lda\u011f\u0131n kapanmas\u0131) veya 2 ya\u015f\u0131ndan sonra hala a\u00e7\u0131k olmas\u0131 doktor kontrol\u00fc gerektiren durumlard\u0131r.<\/p>\n\n\n\n<h2 class=\"wp-block-heading\">Kask Tedavisi ve B\u0131ng\u0131ldak \u0130li\u015fkisi: Zarar Verir mi?<\/h2>\n\n\n\n<p>Ebeveynlerin kask tedavisiyle ilgili en b\u00fcy\u00fck endi\u015felerinden biri \u015fudur: <em>&#8220;Kask bebe\u011fimin b\u0131ng\u0131lda\u011f\u0131na bask\u0131 yapar m\u0131, beynine zarar verir mi?&#8221;<\/em><\/p>\n\n\n\n<p>Cevap net bir <strong>HAYIR<\/strong>&#8216;d\u0131r.<\/p>\n\n\n\n<h3 class=\"wp-block-heading\">1. Kask B\u0131ng\u0131lda\u011fa Dokunmaz<\/h3>\n\n\n\n<p>Craniowell&#8217;de ki\u015fiye \u00f6zel \u00fcretilen kasklar, bebe\u011fin kafa yap\u0131s\u0131na milimetrik uyum sa\u011flar. Kask\u0131n i\u00e7 tasar\u0131m\u0131, b\u0131ng\u0131ldak b\u00f6lgesine do\u011frudan, sert bir bask\u0131 uygulamayacak \u015fekilde dizayn edilir. Kask\u0131n amac\u0131 kafay\u0131 s\u0131k\u0131\u015ft\u0131rmak de\u011fil, b\u00fcy\u00fcme y\u00f6n\u00fcn\u00fc de\u011fi\u015ftirmektir.<\/p>\n\n\n\n<h3 class=\"wp-block-heading\">2. Tedavi \u0130\u00e7in B\u0131ng\u0131lda\u011f\u0131n A\u00e7\u0131k Olmas\u0131 Avantajd\u0131r<\/h3>\n\n\n\n<p>Kask tedavisi (kranial ortez), kafatas\u0131 kemiklerinin hala hareketli ve b\u00fcy\u00fcmeye a\u00e7\u0131k oldu\u011fu d\u00f6nemde i\u015fe yarar.<\/p>\n\n\n\n<ul class=\"wp-block-list\">\n<li><strong>A\u00e7\u0131k B\u0131ng\u0131ldak ve S\u00fct\u00fcrler:<\/strong> Kemiklerin \u015fekillendirilebilir oldu\u011funu g\u00f6sterir.<\/li>\n\n\n\n<li><strong>Tedavi Mant\u0131\u011f\u0131:<\/strong> Kask, d\u00fcz olan b\u00f6lgede bo\u015fluk b\u0131rak\u0131r. Beyin b\u00fcy\u00fcd\u00fck\u00e7e, a\u00e7\u0131k olan s\u00fct\u00fcrler ve b\u0131ng\u0131ldak sayesinde kafatas\u0131 o bo\u015flu\u011fa do\u011fru geni\u015fler. Yani kask tedavisi, b\u0131ng\u0131lda\u011f\u0131n a\u00e7\u0131k oldu\u011fu d\u00f6nemde <strong>en y\u00fcksek verimi<\/strong> verir.<\/li>\n<\/ul>\n\n\n\n<h3 class=\"wp-block-heading\">3. B\u0131ng\u0131ldak Kapand\u0131ysa Tedavi Olur mu?<\/h3>\n\n\n\n<p>Kask tedavisi i\u00e7in ideal zaman 4-18 ay aras\u0131d\u0131r. E\u011fer b\u0131ng\u0131ldak ve kemik birle\u015fim yerleri (s\u00fct\u00fcrler) tamamen kapanm\u0131\u015fsa (kemikle\u015fmi\u015fse), kask ile \u015fekil de\u011fi\u015fikli\u011fi sa\u011flamak \u00e7ok zorla\u015f\u0131r veya imkans\u0131z hale gelir. Bu nedenle <strong>erken te\u015fhis<\/strong> \u00e7ok \u00f6nemlidir.<\/p>\n\n\n\n<h2 class=\"wp-block-heading\">B\u0131ng\u0131ldak Hakk\u0131nda Do\u011fru Bilinen Yanl\u0131\u015flar<\/h2>\n\n\n\n<ul class=\"wp-block-list\">\n<li><strong>Yanl\u0131\u015f:<\/strong> &#8220;B\u0131ng\u0131lda\u011fa dokunmak beyne zarar verir.&#8221;\n<ul class=\"wp-block-list\">\n<li><strong>Do\u011fru:<\/strong> B\u0131ng\u0131ldak son derece sa\u011flam bir zar tabakas\u0131yla korunur. Sa\u00e7 taramakla, y\u0131kamakla veya nazik\u00e7e dokunmakla beyne zarar veremezsiniz.<\/li>\n<\/ul>\n<\/li>\n\n\n\n<li><strong>Yanl\u0131\u015f:<\/strong> &#8220;Kask takarsak b\u0131ng\u0131ldak erken kapan\u0131r.&#8221;\n<ul class=\"wp-block-list\">\n<li><strong>Do\u011fru:<\/strong> Bilimsel \u00e7al\u0131\u015fmalar, kask tedavisinin b\u0131ng\u0131ldak kapanma s\u00fcresini de\u011fi\u015ftirmedi\u011fini g\u00f6stermektedir. Kapanma s\u00fcreci genetik ve metabolik (D vitamini vb.) fakt\u00f6rlere ba\u011fl\u0131d\u0131r.<\/li>\n<\/ul>\n<\/li>\n<\/ul>\n\n\n\n<hr class=\"wp-block-separator has-alpha-channel-opacity\"\/>\n\n\n\n<h3 class=\"wp-block-heading\">S\u0131k\u00e7a Sorulan Sorular (SSS)<\/h3>\n\n\n\n<p><strong>B\u0131ng\u0131lda\u011f\u0131n \u00e7\u00f6kmesi ne anlama gelir?<\/strong> E\u011fer bebe\u011finizin b\u0131ng\u0131lda\u011f\u0131 i\u00e7eriye do\u011fru belirgin \u015fekilde \u00e7\u00f6km\u00fc\u015fse, bu genellikle <strong>s\u0131v\u0131 kayb\u0131n\u0131n (dehidrasyon)<\/strong> i\u015faretidir. Bebe\u011fin yeterince beslenmedi\u011fi veya ishal\/kusma durumlar\u0131nda g\u00f6r\u00fcl\u00fcr. Hemen doktora ba\u015fvurulmal\u0131d\u0131r.<\/p>\n\n\n\n<p><strong>B\u0131ng\u0131lda\u011f\u0131n atmas\u0131 (nab\u0131z gibi) normal mi?<\/strong> Evet, \u00e7ok normaldir. B\u0131ng\u0131lda\u011f\u0131n oldu\u011fu b\u00f6lgede damarlar yo\u011fundur ve bebe\u011fin kalp at\u0131\u015f\u0131yla veya a\u011flamas\u0131yla birlikte b\u0131ng\u0131lda\u011f\u0131n hafif\u00e7e inip kalkt\u0131\u011f\u0131n\u0131 g\u00f6rebilirsiniz. Bu, bebe\u011fin ya\u015fad\u0131\u011f\u0131n\u0131 ve kan dola\u015f\u0131m\u0131n\u0131n sa\u011fl\u0131kl\u0131 oldu\u011funu g\u00f6sterir.<\/p>\n\n\n\n<p><strong>D vitamini b\u0131ng\u0131lda\u011f\u0131 erken kapat\u0131r m\u0131?<\/strong> Doktorunuzun \u00f6nerdi\u011fi dozda kullan\u0131lan D vitamini b\u0131ng\u0131lda\u011f\u0131 erken kapatmaz, aksine kemik geli\u015fimi i\u00e7in gereklidir. &#8220;B\u0131ng\u0131ldak k\u00fc\u00e7\u00fck, D vitaminini keselim&#8221; d\u00fc\u015f\u00fcncesi doktor \u00f6nerisi olmadan uygulanmamal\u0131d\u0131r.<\/p>\n\n\n\n<hr class=\"wp-block-separator has-alpha-channel-opacity\"\/>\n\n\n\n<h3 class=\"wp-block-heading\">Sonu\u00e7 ve Craniowell \u00d6nerisi<\/h3>\n\n\n\n<p><strong>Bebeklerde b\u0131ng\u0131ldak<\/strong>, geli\u015fimin do\u011fal bir penceresidir ve kask tedavisi i\u00e7in bir engel de\u011fil, aksine s\u00fcrecin i\u015fleyebilmesi i\u00e7in gerekli bir f\u0131rsatt\u0131r.<\/p>\n\n\n\n<p>E\u011fer bebe\u011finizin kafa \u015feklinde bozukluk varsa ve <em>&#8220;B\u0131ng\u0131lda\u011f\u0131na zarar gelir mi?&#8221;<\/em> diye endi\u015felenerek tedaviyi erteliyorsan\u0131z, zaman kaybediyor olabilirsiniz. B\u0131ng\u0131ldak ve s\u00fct\u00fcrler a\u00e7\u0131kken yap\u0131lan m\u00fcdahaleler, \u00e7ok daha k\u0131sa s\u00fcrede ve etkili sonu\u00e7lar verir.<\/p>\n\n\n\n<p><strong>Craniowell Ortez Protez Merkezi<\/strong>&#8216;ne gelerek, bebe\u011finizin kafa yap\u0131s\u0131n\u0131 ve b\u0131ng\u0131ldak durumunu uzmanlar\u0131m\u0131za de\u011ferlendirtebilir, g\u00fcvenli tedavi s\u00fcre\u00e7leri hakk\u0131nda bilgi alabilirsiniz.<\/p>\n\n\n\n<p><em>Bu i\u00e7erik bilgilendirme ama\u00e7l\u0131d\u0131r; hekim tan\u0131s\u0131 ve tedavisi yerine ge\u00e7mez.<\/em><\/p>","protected":false},"excerpt":{"rendered":"<p>Yeni anne babalar\u0131n bebeklerini kucaklar\u0131na ald\u0131klar\u0131nda en \u00e7ok \u00e7ekindikleri b\u00f6lge, genellikle ba\u015f\u0131n tepesindeki o yumu\u015fak noktad\u0131r: B\u0131ng\u0131ldak. Oraya dokunmaktan korkar, y\u0131karken ekstra \u00f6zen g\u00f6sterirler. Hatta halk aras\u0131nda &#8220;b\u0131ng\u0131lda\u011fa dokunulmaz, zekas\u0131 etkilenir&#8221; gibi yanl\u0131\u015f inan\u0131\u015flar bile vard\u0131r. T\u0131bbi ad\u0131yla Fontanel, bebe\u011fin sa\u011fl\u0131kl\u0131 geli\u015fimi i\u00e7in hayati bir role sahiptir. Peki, bebeklerde b\u0131ng\u0131ldak ne zaman kapan\u0131r ve kafa [&hellip;]<\/p>","protected":false},"author":1,"featured_media":0,"comment_status":"open","ping_status":"open","sticky":false,"template":"","format":"standard","meta":{"_sitemap_exclude":false,"_sitemap_priority":"","_sitemap_frequency":"","footnotes":""},"categories":[10,9],"tags":[14,12],"class_list":["post-2343","post","type-post","status-publish","format-standard","hentry","category-cranial-kask","category-craniowell-helmet","tag-bebek-kask-tedavisi","tag-kafa-sekil-bozukluklari"],"_links":{"self":[{"href":"https:\/\/www.craniowell.com\/en\/wp-json\/wp\/v2\/posts\/2343","targetHints":{"allow":["GET"]}}],"collection":[{"href":"https:\/\/www.craniowell.com\/en\/wp-json\/wp\/v2\/posts"}],"about":[{"href":"https:\/\/www.craniowell.com\/en\/wp-json\/wp\/v2\/types\/post"}],"author":[{"embeddable":true,"href":"https:\/\/www.craniowell.com\/en\/wp-json\/wp\/v2\/users\/1"}],"replies":[{"embeddable":true,"href":"https:\/\/www.craniowell.com\/en\/wp-json\/wp\/v2\/comments?post=2343"}],"version-history":[{"count":1,"href":"https:\/\/www.craniowell.com\/en\/wp-json\/wp\/v2\/posts\/2343\/revisions"}],"predecessor-version":[{"id":2344,"href":"https:\/\/www.craniowell.com\/en\/wp-json\/wp\/v2\/posts\/2343\/revisions\/2344"}],"wp:attachment":[{"href":"https:\/\/www.craniowell.com\/en\/wp-json\/wp\/v2\/media?parent=2343"}],"wp:term":[{"taxonomy":"category","embeddable":true,"href":"https:\/\/www.craniowell.com\/en\/wp-json\/wp\/v2\/categories?post=2343"},{"taxonomy":"post_tag","embeddable":true,"href":"https:\/\/www.craniowell.com\/en\/wp-json\/wp\/v2\/tags?post=2343"}],"curies":[{"name":"wp","href":"https:\/\/api.w.org\/{rel}","templated":true}]}}