{"id":2339,"date":"2026-01-24T09:46:00","date_gmt":"2026-01-24T09:46:00","guid":{"rendered":"https:\/\/www.craniowell.com\/?p=2339"},"modified":"2026-01-18T21:49:02","modified_gmt":"2026-01-18T21:49:02","slug":"premature-bebeklerde-kafa-sekil-bozuklugu","status":"publish","type":"post","link":"https:\/\/www.craniowell.com\/en\/premature-bebeklerde-kafa-sekil-bozuklugu\/","title":{"rendered":"Premat\u00fcre Bebeklerde Kafa \u015eekil Bozuklu\u011fu : Nedenleri ve \u00c7\u00f6z\u00fcmleri"},"content":{"rendered":"<p>Minik kahramanlar&#8230; Onlar hayata biraz erken, biraz aceleci ba\u015flayan sava\u015f\u00e7\u0131lar. Premat\u00fcre bir bebe\u011fe sahip olmak, ebeveynler i\u00e7in endi\u015fe ve umut dolu, uzun bir maratondur. Yenido\u011fan Yo\u011fun Bak\u0131m \u00dcnitesi (YYB\u00dc) s\u00fcrecinde \u00f6ncelik her zaman bebe\u011fin nefes almas\u0131, beslenmesi ve hayata tutunmas\u0131d\u0131r.<\/p>\n\n\n\n<p>Bu zorlu s\u00fcre\u00e7 ba\u015far\u0131yla atlat\u0131l\u0131p eve ge\u00e7ildi\u011finde, ebeveynlerin s\u0131k\u00e7a fark etti\u011fi bir durum vard\u0131r: Bebe\u011fin ba\u015f\u0131 normalden daha uzun, dar veya yanlardan bas\u0131k g\u00f6r\u00fcnebilir. <strong>Premat\u00fcre bebeklerde kafa \u015fekil bozuklu\u011fu<\/strong>, bu yolculu\u011fun s\u0131k kar\u015f\u0131la\u015f\u0131lan bir par\u00e7as\u0131d\u0131r. <strong>Craniowell Ortez Protez Merkezi<\/strong> olarak, bu durumun nedenlerini ve minik sava\u015f\u00e7\u0131n\u0131z i\u00e7in g\u00fcvenli \u00e7\u00f6z\u00fcm yollar\u0131n\u0131 derledik.<\/p>\n\n\n\n<h2 class=\"wp-block-heading\">Premat\u00fcre Bebeklerde Risk Neden Daha Y\u00fcksektir?<\/h2>\n\n\n\n<p>Zaman\u0131nda do\u011fan bebeklere k\u0131yasla, erken do\u011fan bebeklerde kafa \u015fekil bozuklu\u011fu (\u00f6zellikle skafosefali\/dolikosefali) g\u00f6r\u00fclme oran\u0131 daha y\u00fcksektir. Bunun temelinde biyolojik ve \u00e7evresel fakt\u00f6rler yatar:<\/p>\n\n\n\n<h3 class=\"wp-block-heading\">1. Son Derece Yumu\u015fak Kemik Yap\u0131s\u0131<\/h3>\n\n\n\n<p>Bebe\u011fin kemiklerinin sertle\u015fmesi (mineralizasyon), hamileli\u011fin son 3 ay\u0131nda (son trimester) h\u0131zlan\u0131r. Erken do\u011fan bebekler bu s\u00fcreci tamamlayamadan d\u00fcnyaya gelirler. Bu nedenle kafatas\u0131 kemikleri, &#8220;yumu\u015fak bir oyun hamuru&#8221; k\u0131vam\u0131ndad\u0131r ve d\u0131\u015f bas\u0131nca kar\u015f\u0131 \u00e7ok daha savunmas\u0131zd\u0131r.<\/p>\n\n\n\n<h3 class=\"wp-block-heading\">2. Yo\u011fun Bak\u0131m (K\u00fcv\u00f6z) Pozisyonu ve &#8220;K\u00fcv\u00f6z Kafas\u0131&#8221;<\/h3>\n\n\n\n<p>Yo\u011fun bak\u0131m s\u00fcrecinde bebeklerin solunum cihazlar\u0131na ba\u011flanmas\u0131 veya daha rahat nefes alabilmeleri i\u00e7in genellikle yan yat\u0131r\u0131lmalar\u0131 gerekir.<\/p>\n\n\n\n<ul class=\"wp-block-list\">\n<li><strong>S\u00fcrekli Yan Yat\u0131\u015f:<\/strong> Yer\u00e7ekimi, yumu\u015fak olan kafatas\u0131n\u0131 yanlardan bast\u0131r\u0131r.<\/li>\n\n\n\n<li><strong>Sonu\u00e7:<\/strong> Ba\u015f yanlardan daral\u0131r, arkaya do\u011fru uzar (Skafosefali g\u00f6r\u00fcn\u00fcm\u00fc). Halk aras\u0131nda buna bazen &#8220;K\u00fcv\u00f6z Kafas\u0131&#8221; da denilmektedir.<\/li>\n<\/ul>\n\n\n\n<h3 class=\"wp-block-heading\">3. Zay\u0131f Boyun Kaslar\u0131<\/h3>\n\n\n\n<p>Premat\u00fcre bebeklerin boyun kaslar\u0131, ba\u015flar\u0131n\u0131 hareket ettirmek i\u00e7in hen\u00fcz yeterince g\u00fc\u00e7l\u00fc de\u011fildir. Bebek ba\u015f\u0131n\u0131 bir kez bir y\u00f6ne yat\u0131rd\u0131\u011f\u0131nda, kendi g\u00fcc\u00fcyle di\u011fer tarafa \u00e7eviremez ve uzun s\u00fcre ayn\u0131 noktaya bask\u0131 uygulan\u0131r.<\/p>\n\n\n\n<h2 class=\"wp-block-heading\">&#8220;D\u00fczeltilmi\u015f Ya\u015f&#8221; Hesab\u0131 ve Tedavi Zamanlamas\u0131<\/h2>\n\n\n\n<p>Premat\u00fcre bebeklerin geli\u015fim takibinde ve kask tedavisinde <strong>kronolojik ya\u015f<\/strong> (do\u011fdu\u011fu g\u00fcn) de\u011fil, <strong>d\u00fczeltilmi\u015f ya\u015f<\/strong> dikkate al\u0131n\u0131r.<\/p>\n\n\n\n<p><strong>D\u00fczeltilmi\u015f Ya\u015f Nedir?<\/strong> Bebe\u011finizin do\u011fum tarihinden, erken do\u011fdu\u011fu hafta say\u0131s\u0131n\u0131n \u00e7\u0131kar\u0131lmas\u0131yla bulunur.<\/p>\n\n\n\n<ul class=\"wp-block-list\">\n<li><em>\u00d6rnek:<\/em> Bebe\u011finiz 2 ay (8 hafta) erken do\u011fdu. \u015eu an do\u011fumundan itibaren 4 ay ge\u00e7ti.<\/li>\n\n\n\n<li><em>Hesap:<\/em> 4 ay (Kronolojik) &#8211; 2 ay (Erken Do\u011fum) = <strong>2 Ay (D\u00fczeltilmi\u015f Ya\u015f)<\/strong>.<\/li>\n<\/ul>\n\n\n\n<p><strong>Bu Neden \u00d6nemli?<\/strong> Kafa \u015fekil bozuklu\u011fu tedavisine karar verirken veya geli\u015fimini de\u011ferlendirirken bebe\u011finizin 4 ayl\u0131k de\u011fil, biyolojik olarak 2 ayl\u0131k oldu\u011funu g\u00f6z \u00f6n\u00fcnde bulundururuz. Bu, tedaviye ba\u015flamak i\u00e7in &#8220;ge\u00e7 kald\u0131m&#8221; endi\u015fesi ta\u015f\u0131yan aileler i\u00e7in rahatlat\u0131c\u0131 bir fakt\u00f6rd\u00fcr; \u00e7\u00fcnk\u00fc takvim ya\u015f\u0131n\u0131z b\u00fcy\u00fck olsa da biyolojik takviminiz tedaviye ba\u015flamak i\u00e7in hala \u00e7ok uygun olabilir.<\/p>\n\n\n\n<h2 class=\"wp-block-heading\">Premat\u00fcre Bebeklerde Kafa \u015eekil Bozuklu\u011fu D\u00fczelir mi?<\/h2>\n\n\n\n<p>Hafif deformasyonlar, bebek eve \u00e7\u0131kt\u0131ktan, boyun kaslar\u0131 g\u00fc\u00e7lenip daha fazla hareket etmeye (d\u00f6nmeye) ba\u015flad\u0131ktan sonra bir miktar toparlanabilir. Ancak;<\/p>\n\n\n\n<ul class=\"wp-block-list\">\n<li>Kafa yap\u0131s\u0131 belirgin \u015fekilde dar ve uzunsa (Skafosefalik g\u00f6r\u00fcn\u00fcm),<\/li>\n\n\n\n<li>B\u0131ng\u0131ldak hala \u00e7ok geni\u015f veya \u00e7ok yumu\u015faksa,<\/li>\n\n\n\n<li>Asimetri kulak ve y\u00fcz yap\u0131s\u0131n\u0131 etkiliyorsa, kendi kendine d\u00fczelme ihtimali d\u00fc\u015febilir.<\/li>\n<\/ul>\n\n\n\n<h2 class=\"wp-block-heading\">\u00c7\u00f6z\u00fcm Yollar\u0131: Kask Tedavisi ve Fizyoterapi<\/h2>\n\n\n\n<p><strong>Premat\u00fcre bebeklerde kafa \u015fekil bozuklu\u011fu<\/strong> y\u00f6netiminde <strong>Craniowell<\/strong> yakla\u015f\u0131m\u0131 \u015f\u00f6yledir:<\/p>\n\n\n\n<ol start=\"1\" class=\"wp-block-list\">\n<li><strong>\u00d6nce Fizyoterapi ve Pozisyonlama:<\/strong> Boyun kaslar\u0131n\u0131 g\u00fc\u00e7lendirmek ve bebe\u011fin s\u0131rt \u00fcst\u00fc yat\u0131\u015f tolerans\u0131n\u0131 art\u0131rmak i\u00e7in egzersizler \u00f6nerilir.<\/li>\n\n\n\n<li><strong>Kask Tedavisi (Kranial Ortez):<\/strong> E\u011fer d\u00fczeltilmi\u015f ya\u015fa g\u00f6re 4-5. ayda hala belirgin bir bozukluk varsa, kask tedavisi en etkili y\u00f6ntemdir.\n<ul class=\"wp-block-list\">\n<li><em>Avantaj:<\/em> Premat\u00fcre bebeklerin ba\u015f b\u00fcy\u00fcmesi \u00e7ok h\u0131zl\u0131 oldu\u011fu i\u00e7in, kask tedavisine (b\u00fcy\u00fcme y\u00f6nlendirmesine) \u00e7ok h\u0131zl\u0131 ve olumlu yan\u0131t verirler.<\/li>\n<\/ul>\n<\/li>\n<\/ol>\n\n\n\n<hr class=\"wp-block-separator has-alpha-channel-opacity\"\/>\n\n\n\n<h3 class=\"wp-block-heading\">S\u0131k\u00e7a Sorulan Sorular (SSS)<\/h3>\n\n\n\n<p><strong>Premat\u00fcre bebe\u011fime kask a\u011f\u0131r gelir mi?<\/strong> Hay\u0131r. Craniowell olarak kulland\u0131\u011f\u0131m\u0131z kasklar, ileri teknoloji hafif malzemelerden \u00fcretilir. Bebe\u011fin boyun kaslar\u0131n\u0131n ta\u015f\u0131yabilece\u011fi gramajdad\u0131r (genellikle 150-200 gr aras\u0131) ve bebe\u011fe y\u00fck bindirmez.<\/p>\n\n\n\n<p><strong>K\u00fcv\u00f6z kafas\u0131 zeka geli\u015fimini etkiler mi?<\/strong> Hay\u0131r, \u015fekil bozuklu\u011fu (deformasyonel durum) beyin dokusuna zarar vermez veya zeka gerili\u011fine yol a\u00e7maz. Ancak estetik kayg\u0131lar ve ileride kask\/g\u00f6zl\u00fck kullan\u0131m\u0131 gibi i\u015flevsel durumlar i\u00e7in d\u00fczeltilmesi \u00f6nerilir.<\/p>\n\n\n\n<p><strong>Tedaviye ne zaman ba\u015flamal\u0131y\u0131z?<\/strong> Premat\u00fcrelerde <strong>d\u00fczeltilmi\u015f ya\u015f<\/strong> 3. veya 4. ay civar\u0131 de\u011ferlendirme i\u00e7in en ideal zamand\u0131r. Erken m\u00fcdahale, s\u00fcrecin daha k\u0131sa s\u00fcrmesini sa\u011flar.<\/p>\n\n\n\n<hr class=\"wp-block-separator has-alpha-channel-opacity\"\/>\n\n\n\n<h3 class=\"wp-block-heading\">Sonu\u00e7 ve Craniowell Yan\u0131n\u0131zda<\/h3>\n\n\n\n<p>Zorlu g\u00fcnleri geride b\u0131rakt\u0131n\u0131z, \u015fimdi bebe\u011finizin geli\u015fiminin keyfini s\u00fcrme zaman\u0131. <strong>Premat\u00fcre bebeklerde kafa \u015fekil bozuklu\u011fu<\/strong>, \u00e7\u00f6z\u00fcm\u00fc olan, y\u00f6netilebilir bir durumdur.<\/p>\n\n\n\n<p>Minik sava\u015f\u00e7\u0131n\u0131z\u0131n kafa \u015fekliyle ilgili endi\u015feleriniz varsa, <strong>Craniowell Ortez Protez Merkezi<\/strong>&#8216;nde d\u00fczeltilmi\u015f ya\u015f hesab\u0131na g\u00f6re \u00f6zel bir de\u011ferlendirme yapabiliriz. 3D tarama teknolojimiz, bebe\u011finize dokunmadan, onu korkutmadan saniyeler i\u00e7inde \u00f6l\u00e7\u00fcm yapmam\u0131za olanak tan\u0131r.<\/p>\n\n\n\n<p><em>Bu i\u00e7erik bilgilendirme ama\u00e7l\u0131d\u0131r; hekim tan\u0131s\u0131 ve tedavisi yerine ge\u00e7mez.<\/em><\/p>","protected":false},"excerpt":{"rendered":"<p>Minik kahramanlar&#8230; Onlar hayata biraz erken, biraz aceleci ba\u015flayan sava\u015f\u00e7\u0131lar. Premat\u00fcre bir bebe\u011fe sahip olmak, ebeveynler i\u00e7in endi\u015fe ve umut dolu, uzun bir maratondur. Yenido\u011fan Yo\u011fun Bak\u0131m \u00dcnitesi (YYB\u00dc) s\u00fcrecinde \u00f6ncelik her zaman bebe\u011fin nefes almas\u0131, beslenmesi ve hayata tutunmas\u0131d\u0131r. Bu zorlu s\u00fcre\u00e7 ba\u015far\u0131yla atlat\u0131l\u0131p eve ge\u00e7ildi\u011finde, ebeveynlerin s\u0131k\u00e7a fark etti\u011fi bir durum vard\u0131r: Bebe\u011fin [&hellip;]<\/p>","protected":false},"author":1,"featured_media":0,"comment_status":"open","ping_status":"open","sticky":false,"template":"","format":"standard","meta":{"_sitemap_exclude":false,"_sitemap_priority":"","_sitemap_frequency":"","footnotes":""},"categories":[10,9],"tags":[],"class_list":["post-2339","post","type-post","status-publish","format-standard","hentry","category-cranial-kask","category-craniowell-helmet"],"_links":{"self":[{"href":"https:\/\/www.craniowell.com\/en\/wp-json\/wp\/v2\/posts\/2339","targetHints":{"allow":["GET"]}}],"collection":[{"href":"https:\/\/www.craniowell.com\/en\/wp-json\/wp\/v2\/posts"}],"about":[{"href":"https:\/\/www.craniowell.com\/en\/wp-json\/wp\/v2\/types\/post"}],"author":[{"embeddable":true,"href":"https:\/\/www.craniowell.com\/en\/wp-json\/wp\/v2\/users\/1"}],"replies":[{"embeddable":true,"href":"https:\/\/www.craniowell.com\/en\/wp-json\/wp\/v2\/comments?post=2339"}],"version-history":[{"count":1,"href":"https:\/\/www.craniowell.com\/en\/wp-json\/wp\/v2\/posts\/2339\/revisions"}],"predecessor-version":[{"id":2340,"href":"https:\/\/www.craniowell.com\/en\/wp-json\/wp\/v2\/posts\/2339\/revisions\/2340"}],"wp:attachment":[{"href":"https:\/\/www.craniowell.com\/en\/wp-json\/wp\/v2\/media?parent=2339"}],"wp:term":[{"taxonomy":"category","embeddable":true,"href":"https:\/\/www.craniowell.com\/en\/wp-json\/wp\/v2\/categories?post=2339"},{"taxonomy":"post_tag","embeddable":true,"href":"https:\/\/www.craniowell.com\/en\/wp-json\/wp\/v2\/tags?post=2339"}],"curies":[{"name":"wp","href":"https:\/\/api.w.org\/{rel}","templated":true}]}}