{"id":2194,"date":"2025-11-17T09:31:18","date_gmt":"2025-11-17T09:31:18","guid":{"rendered":"https:\/\/www.craniowell.com\/?p=2194"},"modified":"2025-11-26T05:34:12","modified_gmt":"2025-11-26T05:34:12","slug":"craniowell-hkm-pro-bebek-kafa-sekil-bozuklugu-kask-tedavisi","status":"publish","type":"post","link":"https:\/\/www.craniowell.com\/en\/craniowell-hkm-pro-bebek-kafa-sekil-bozuklugu-kask-tedavisi\/","title":{"rendered":"Bebeklerde Kafa \u015eekil Bozukluklar\u0131 : Craniowell HKM Pro Kask Tedavisi"},"content":{"rendered":"<h2 class=\"wp-block-heading\">Bebeklerde Kafa \u015eekil Bozukluklar\u0131 Neden Art\u0131yor?<\/h2>\n\n<p>1990\u2019lardan itibaren bebeklerde kafa \u015fekil bozukluklar\u0131n\u0131n belirgin \u015fekilde artt\u0131\u011f\u0131 bilinmektedir. Bu art\u0131\u015f\u0131n zamanlamas\u0131, Ani Bebek \u00d6l\u00fcm\u00fc Sendromu (SIDS) riskini azaltmak i\u00e7in \u00f6nerilen s\u0131rt\u00fcst\u00fc uyutma uygulamalar\u0131yla \u00e7ak\u0131\u015fmaktad\u0131r. S\u0131rt\u00fcst\u00fc uyku, SIDS\u2019i azaltm\u0131\u015f olsa da; uzun s\u00fcre tek y\u00f6n pozisyonda kalmak ve modern bebek ta\u015f\u0131y\u0131c\u0131lar\u0131n\u0131n a\u015f\u0131r\u0131 kullan\u0131m\u0131 deformasyonel \u015fekil bozukluklar\u0131na zemin haz\u0131rlam\u0131\u015ft\u0131r.<\/p>\n\n<h2 class=\"wp-block-heading\">Kafa \u015eekil Bozukluklar\u0131n\u0131n Olu\u015fumunda Rol Oynayan Fakt\u00f6rler<\/h2>\n\n<h3 class=\"wp-block-heading\">\u0130\u00e7sel (Do\u011fumsal) Fakt\u00f6rler<\/h3>\n\n<p>Kraniosinostoz, baz\u0131 genetik ve metabolik sendromlar, hidrosefali gibi durumlar do\u011frudan kafa \u015feklini etkileyen i\u00e7sel fakt\u00f6rlerdir. Bu tablolar cerrahi veya \u00f6zel t\u0131bbi takip gerektirir ve Craniowell HKM Pro\u2019nun tedavi kapsam\u0131n\u0131n d\u0131\u015f\u0131nda yer al\u0131r.<\/p>\n\n<h3 class=\"wp-block-heading\">D\u0131\u015fsal (Edinilmi\u015f) Fakt\u00f6rler<\/h3>\n\n<p>Craniowell\u2019de odakland\u0131\u011f\u0131m\u0131z grup, do\u011fum sonras\u0131 ortaya \u00e7\u0131kan d\u0131\u015fsal fakt\u00f6rlere ba\u011fl\u0131 deformasyonel kafa \u015fekil bozukluklar\u0131d\u0131r. Tortikolis, uzun s\u00fcre s\u0131rt\u00fcst\u00fc yat\u0131\u015f, a\u015f\u0131r\u0131 oto koltu\u011fu ve puset kullan\u0131m\u0131, yetersiz y\u00fcz\u00fcst\u00fc zaman ve tek y\u00f6n besleme al\u0131\u015fkanl\u0131klar\u0131 bu bozukluklar\u0131n geli\u015fiminde \u00f6nemli rol oynar. Premat\u00fcre bebeklerde kemik yap\u0131s\u0131n\u0131n daha yumu\u015fak olmas\u0131 nedeniyle risk daha y\u00fcksektir.<\/p>\n\n<h2 class=\"wp-block-heading\">Tortikolisin Asimetri \u00dczerindeki Etkisi<\/h2>\n\n<p>Tortikolis, bebeklerde kafa asimetrisinin en \u00f6nemli tetikleyicilerinden biridir. Zay\u0131f veya k\u0131salm\u0131\u015f boyun kaslar\u0131, bebe\u011fin ba\u015f\u0131n\u0131 s\u00fcrekli ayn\u0131 tarafa \u00e7evirmesine neden olur. Ayn\u0131 b\u00f6lgenin uzun s\u00fcre y\u00fczeye temas etmesi, k\u0131sa s\u00fcrede kafatas\u0131nda d\u00fczle\u015fme ile sonu\u00e7lan\u0131r. Erken fizyoterapi, do\u011fru pozisyonlama ve gerekti\u011finde kask tedavisi birlikte en iyi sonu\u00e7lar\u0131 verir.<\/p>\n\n<h2 class=\"wp-block-heading\">En S\u0131k G\u00f6r\u00fclen Kafa \u015eekil Bozukluklar\u0131<\/h2>\n\n<h3 class=\"wp-block-heading\">Deformasyonel Plagiosefali<\/h3>\n\n<p>Deformasyonel plagiosefali, kafan\u0131n tek taraf\u0131nda d\u00fczle\u015fme, al\u0131n ve y\u00fcz b\u00f6lgesinde asimetri, kulak kaymas\u0131 ile karakterizedir. Hafif vakalar yaln\u0131zca pozisyonlama ve egzersizle izlenebilir; orta ve ileri d\u00fczeyde deformitesi olan bebeklerde ki\u015fiye \u00f6zel kraniyal ortez (Craniowell HKM Pro) \u00f6nerilir.<\/p>\n\n<h3 class=\"wp-block-heading\">Simetrik Brakisefali<\/h3>\n\n<p>Simetrik brakisefalide kafa yanlara do\u011fru normalden daha geni\u015ftir. A\u015f\u0131r\u0131 brakisefali, yuvarlanma ve d\u00f6nme gibi motor becerileri bile zorla\u015ft\u0131rabilir. Ki\u015fiye \u00f6zel kask tedavisi, bu geni\u015fli\u011fi kontroll\u00fc bi\u00e7imde normalle\u015ftirmeyi hedefler.<\/p>\n\n<h3 class=\"wp-block-heading\">Asimetrik Brakisefali<\/h3>\n\n<p>Asimetrik brakisefali hem asimetri hem de geni\u015flik anormalli\u011finin bir arada oldu\u011fu bir kafa \u015fekil bozuklu\u011fudur. \u00d6zellikle frontal ve vertex b\u00f6lgesinde belirgin \u015fekil fark\u0131 g\u00f6r\u00fclebilir ve \u00e7o\u011fu zaman aktif tedavi gerektirir.<\/p>\n\n<h3 class=\"wp-block-heading\">Deformasyonel Skafosefali<\/h3>\n\n<p>Deformasyonel skafosefali, kafan\u0131n uzun ve dar bir g\u00f6r\u00fcn\u00fcm almas\u0131yla karakterizedir. Daha az g\u00f6r\u00fcl\u00fcr, ancak \u00f6zellikle premat\u00fcre bebeklerde yo\u011fun bak\u0131m s\u00fcre\u00e7lerinde uzun s\u00fcre yan pozisyonda yatmaya ba\u011fl\u0131 olarak ortaya \u00e7\u0131kabilir.<\/p>\n\n<h2 class=\"wp-block-heading\">Deformasyonel Kafa \u015eekil Bozukluklar\u0131n\u0131 Kraniosinostozdan Ay\u0131rmak<\/h2>\n\n<p>Deformasyonel kafa \u015fekil bozukluklar\u0131, d\u0131\u015fsal bas\u0131ya ba\u011fl\u0131 olarak geli\u015fir ve pozisyon d\u00fczenleme ile kask tedavisine iyi yan\u0131t verir. Kraniosinostoz ise s\u00fct\u00fcrlerin erken kapanmas\u0131d\u0131r ve cerrahi giri\u015fim gerektirebilen bamba\u015fka bir tablodur. S\u00fct\u00fcr hatt\u0131nda kabar\u0131k sert \u00e7izgi, d\u00fczle\u015fme taraf\u0131nda \u00e7\u0131k\u0131nt\u0131 olmamas\u0131 ve kulak kaymas\u0131n\u0131n y\u00f6n\u00fc ay\u0131rt etmede dikkate al\u0131nan bulgulardand\u0131r. \u015e\u00fcpheli vakalar ilgili uzmanlara y\u00f6nlendirilir.<\/p>\n\n<h2 class=\"wp-block-heading\">Pozisyonland\u0131rma, Egzersiz ve Erken M\u00fcdahale<\/h2>\n\n<p>Do\u011fru pozisyonlama \u00f6zellikle ilk 3 ayda \u00f6nemli bir fark yarat\u0131r. Uyan\u0131kken d\u00fczenli y\u00fcz\u00fcst\u00fc aktiviteleri (tummy time), tortikolis varl\u0131\u011f\u0131nda erken fizyoterapi, beslenme s\u0131ras\u0131nda y\u00f6n de\u011fi\u015ftirme ve ta\u015f\u0131y\u0131c\u0131 ara\u00e7lar\u0131n uzun s\u00fcreli kullan\u0131m\u0131ndan ka\u00e7\u0131nma temel basamaklard\u0131r. Bu ad\u0131mlar yeterli olmad\u0131\u011f\u0131nda Craniowell HKM Pro kask tedavisi devreye girer.<\/p>\n\n<h2 class=\"wp-block-heading\">Craniowell HKM Pro \u2013 Ki\u015fiye \u00d6zel Kraniyal Kask Tedavisi<\/h2>\n\n<p>Craniowell HKM Pro kasklar\u0131, bebe\u011fin kafatas\u0131 b\u00fcy\u00fcmesini kontroll\u00fc \u015fekilde y\u00f6nlendirerek simetri ve oran\u0131 d\u00fczenlemeyi ama\u00e7layan t\u0131bbi ortezlerdir. Her bebe\u011fin kafa yap\u0131s\u0131 benzersizdir; bu nedenle HKM Pro, seri \u00fcretim bir kask de\u011fil, ki\u015fiye \u00f6zel olarak tasarlanan bir tedavi arac\u0131d\u0131r.<\/p>\n\n<h3 class=\"wp-block-heading\">HKM Pro\u2019nun Avantajlar\u0131<\/h3>\n\n<ul class=\"wp-block-list\">\n<li>Her bebe\u011fe \u00f6zel dijital modelleme ile \u00fcretilmesi<\/li>\n\n<li>Hafif ve nefes alabilen medikal malzeme kullan\u0131lmas\u0131<\/li>\n\n<li>Bask\u0131 alt\u0131ndaki alanlarda bo\u015fluk b\u0131rak\u0131p d\u00fczle\u015fmi\u015f b\u00f6lgelerde b\u00fcy\u00fcmeye alan tan\u0131mas\u0131<\/li>\n\n<li>Tedavi s\u00fcresince i\u00e7 y\u00fczeyin kontroll\u00fc olarak ayarlanabilmesi<\/li>\n\n<li>Seri \u00fcretim kasklara g\u00f6re \u00e7ok daha hassas uyum ve konfor sa\u011flamas\u0131<\/li>\n<\/ul>\n\n<h2 class=\"wp-block-heading\">LED 3D Taray\u0131c\u0131 \u2013 Craniowell \u00d6l\u00e7\u00fcm Teknolojisi<\/h2>\n\n<p>Craniowell\u2019de bebe\u011fin kafa \u00f6l\u00e7\u00fcm\u00fc, y\u00fcksek hassasiyetli LED tabanl\u0131 optik taray\u0131c\u0131 ile yap\u0131lmaktad\u0131r. Bu sistem, radyasyon i\u00e7ermez, bebeklerin g\u00f6z ve cilt sa\u011fl\u0131\u011f\u0131 i\u00e7in g\u00fcvenlidir ve saniyeler i\u00e7inde temas gerektirmeden tam y\u00fczey verisi sa\u011flar. Premat\u00fcre ve hassas bebeklerde bile g\u00fcvenle kullan\u0131labilir.<\/p>\n\n<p>Craniowell LED taray\u0131c\u0131 sistemi, STARscanner\u2019dan farkl\u0131 olarak \u0131\u015f\u0131k yans\u0131tma ve y\u00fcksek \u00e7\u00f6z\u00fcn\u00fcrl\u00fckl\u00fc kamera kombinasyonuna dayanan modern bir optik \u00f6l\u00e7\u00fcm teknolojisidir.<\/p>\n\n<h2 class=\"wp-block-heading\">Tedavi S\u00fcreci Nas\u0131l \u0130\u015fliyor?<\/h2>\n\n<h3 class=\"wp-block-heading\">1. De\u011ferlendirme<\/h3>\n\n<p>\u0130lk g\u00f6r\u00fc\u015fmede bebe\u011fin t\u0131bbi \u00f6yk\u00fcs\u00fc al\u0131n\u0131r, kafa \u015fekli detayl\u0131 olarak de\u011ferlendirilir ve CVA, diyagonal fark, sefalik oran ve boyun hareket a\u00e7\u0131kl\u0131\u011f\u0131 gibi parametreler hesaplan\u0131r. Tortikolis a\u00e7\u0131s\u0131ndan mutlaka muayene yap\u0131l\u0131r.<\/p>\n\n<h3 class=\"wp-block-heading\">2. LED Tarama ve 3D Modelleme<\/h3>\n\n<p>LED 3D taray\u0131c\u0131 ile bebe\u011fin kafas\u0131 birka\u00e7 saniye i\u00e7inde dijital olarak modellenir. Elde edilen veriler, ki\u015fiye \u00f6zel HKM Pro kask tasar\u0131m\u0131 i\u00e7in kullan\u0131l\u0131r.<\/p>\n\n<h3 class=\"wp-block-heading\">3. Kask \u00dcretimi<\/h3>\n\n<p>Dijital model \u00fczerinden CNC i\u015fleme ile bebe\u011fin kafas\u0131na tam uyumlu bir i\u00e7 y\u00fczey olu\u015fturulur. Bask\u0131 ve bo\u015fluk alanlar\u0131 tedavi plan\u0131na g\u00f6re belirlenir.<\/p>\n\n<h3 class=\"wp-block-heading\">4. Uygulama ve Aile E\u011fitimi<\/h3>\n\n<p>Kask bebe\u011fe uygulan\u0131rken al\u0131n, kulak ve oksipital b\u00f6lgenin rahatl\u0131\u011f\u0131 kontrol edilir. Aileye g\u00fcnl\u00fck kullan\u0131m s\u00fcresi, cilt bak\u0131m\u0131 ve takip randevular\u0131 hakk\u0131nda ayr\u0131nt\u0131l\u0131 bilgi verilir.<\/p>\n\n<h3 class=\"wp-block-heading\">5. D\u00fczenli Kontroller<\/h3>\n\n<p>Tedavi s\u00fcresince belirli aral\u0131klarla kontrol randevular\u0131 planlan\u0131r. Bu kontrollerde yeni \u00f6l\u00e7\u00fcmler al\u0131n\u0131r, kask\u0131n i\u00e7 y\u00fczeyi bebe\u011fin b\u00fcy\u00fcmesine g\u00f6re ayarlan\u0131r ve tedavinin ilerleyi\u015fi takip edilir. Ortalama tedavi s\u00fcresi 3\u20136 ay aras\u0131ndad\u0131r; erken ya\u015fta ba\u015flayan tedavilerde ba\u015far\u0131 oran\u0131 daha y\u00fcksektir.<\/p>\n\n<h2 class=\"wp-block-heading\">HKM Pro\u2019nun Etkinli\u011fi ve Geli\u015fimsel Kazan\u0131mlar<\/h2>\n\n<p>Craniowell HKM Pro ile tedavi edilen bebeklerde posterior d\u00fczle\u015fmelerde belirgin d\u00fczelme, kulak hizas\u0131nda simetrinin artmas\u0131, frontal asimetride gerileme ve sefalik oran\u0131n normal aral\u0131\u011fa yakla\u015fmas\u0131 s\u0131k\u00e7a g\u00f6zlenir. Kafa formunun d\u00fczelmesiyle birlikte boyun ve g\u00f6vde kontrol\u00fc, yuvarlanma, oturma, g\u00f6rsel takip ve denge gibi motor beceriler de desteklenmi\u015f olur.<\/p>\n\n<h2 class=\"wp-block-heading\">Sonu\u00e7: Craniowell HKM Pro ile G\u00fcvenli ve Bilimsel Tedavi<\/h2>\n\n<p>Craniowell HKM Pro, deformasyonel kafa \u015fekil bozukluklar\u0131n\u0131n tedavisinde bilimsel temellere dayanan, ki\u015fiye \u00f6zel, non-invaziv ve g\u00fcvenli bir \u00e7\u00f6z\u00fcmd\u00fcr. LED tabanl\u0131 3D tarama sistemi, tedavi boyunca y\u00fcksek hassasiyetle takip imk\u00e2n\u0131 sunar. Erken m\u00fcdahale hem estetik hem de fonksiyonel a\u00e7\u0131dan bebeklerin geli\u015fimini olumlu y\u00f6nde etkiler. Bebe\u011finizin kafa \u015fekli ile ilgili endi\u015feniz varsa, uzman de\u011ferlendirmesi ve Craniowell HKM Pro kask tedavisi hakk\u0131nda bilgi almak i\u00e7in klini\u011fimizle ileti\u015fime ge\u00e7ebilirsiniz.<\/p>\n\n<p>\u00a0<\/p>","protected":false},"excerpt":{"rendered":"<p>Bebeklerde Kafa \u015eekil Bozukluklar\u0131 Neden Art\u0131yor? 1990\u2019lardan itibaren bebeklerde kafa \u015fekil bozukluklar\u0131n\u0131n belirgin \u015fekilde artt\u0131\u011f\u0131 bilinmektedir. Bu art\u0131\u015f\u0131n zamanlamas\u0131, Ani Bebek \u00d6l\u00fcm\u00fc Sendromu (SIDS) riskini azaltmak i\u00e7in \u00f6nerilen s\u0131rt\u00fcst\u00fc uyutma uygulamalar\u0131yla \u00e7ak\u0131\u015fmaktad\u0131r. S\u0131rt\u00fcst\u00fc uyku, SIDS\u2019i azaltm\u0131\u015f olsa da; uzun s\u00fcre tek y\u00f6n pozisyonda kalmak ve modern bebek ta\u015f\u0131y\u0131c\u0131lar\u0131n\u0131n a\u015f\u0131r\u0131 kullan\u0131m\u0131 deformasyonel \u015fekil bozukluklar\u0131na zemin haz\u0131rlam\u0131\u015ft\u0131r. [&hellip;]<\/p>","protected":false},"author":1,"featured_media":0,"comment_status":"open","ping_status":"open","sticky":false,"template":"","format":"standard","meta":{"_sitemap_exclude":false,"_sitemap_priority":"","_sitemap_frequency":"","footnotes":""},"categories":[10,9],"tags":[],"class_list":["post-2194","post","type-post","status-publish","format-standard","hentry","category-cranial-kask","category-craniowell-helmet"],"_links":{"self":[{"href":"https:\/\/www.craniowell.com\/en\/wp-json\/wp\/v2\/posts\/2194","targetHints":{"allow":["GET"]}}],"collection":[{"href":"https:\/\/www.craniowell.com\/en\/wp-json\/wp\/v2\/posts"}],"about":[{"href":"https:\/\/www.craniowell.com\/en\/wp-json\/wp\/v2\/types\/post"}],"author":[{"embeddable":true,"href":"https:\/\/www.craniowell.com\/en\/wp-json\/wp\/v2\/users\/1"}],"replies":[{"embeddable":true,"href":"https:\/\/www.craniowell.com\/en\/wp-json\/wp\/v2\/comments?post=2194"}],"version-history":[{"count":5,"href":"https:\/\/www.craniowell.com\/en\/wp-json\/wp\/v2\/posts\/2194\/revisions"}],"predecessor-version":[{"id":2272,"href":"https:\/\/www.craniowell.com\/en\/wp-json\/wp\/v2\/posts\/2194\/revisions\/2272"}],"wp:attachment":[{"href":"https:\/\/www.craniowell.com\/en\/wp-json\/wp\/v2\/media?parent=2194"}],"wp:term":[{"taxonomy":"category","embeddable":true,"href":"https:\/\/www.craniowell.com\/en\/wp-json\/wp\/v2\/categories?post=2194"},{"taxonomy":"post_tag","embeddable":true,"href":"https:\/\/www.craniowell.com\/en\/wp-json\/wp\/v2\/tags?post=2194"}],"curies":[{"name":"wp","href":"https:\/\/api.w.org\/{rel}","templated":true}]}}