{"id":2008,"date":"2025-11-10T11:20:14","date_gmt":"2025-11-10T11:20:14","guid":{"rendered":"https:\/\/www.craniowell.com\/en\/?p=2008"},"modified":"2025-11-26T05:47:01","modified_gmt":"2025-11-26T05:47:01","slug":"craniowell-hkm-pro-kask","status":"publish","type":"post","link":"https:\/\/www.craniowell.com\/en\/craniowell-hkm-pro-kask\/","title":{"rendered":"Craniowell HKM Pro Kask"},"content":{"rendered":"<style>.elementor-2008 .elementor-element.elementor-element-12d71613{--display:flex;}.elementor-2008 .elementor-element.elementor-element-7aa4bc0{--display:flex;}.elementor-2008 .elementor-element.elementor-element-d6d591d .elementor-repeater-item-5bfb7aa .swiper-slide-bg{background-color:#833ca3;background-image:url(https:\/\/www.craniowell.com\/wp-content\/uploads\/2025\/10\/reklam1.png);background-size:cover;}.elementor-2008 .elementor-element.elementor-element-d6d591d .elementor-repeater-item-b9a1e5b .swiper-slide-bg{background-color:#FFFFFF;background-image:url(https:\/\/www.craniowell.com\/wp-content\/uploads\/2025\/11\/bebek-kafa-sekil-bozukluklari.png);background-size:contain;}.elementor-2008 .elementor-element.elementor-element-d6d591d .elementor-repeater-item-28a7419 .swiper-slide-bg{background-color:#1abc9c;background-image:url(https:\/\/www.craniowell.com\/wp-content\/uploads\/2025\/11\/kask-tedavisi-sonuclari.png);background-size:cover;}.elementor-2008 .elementor-element.elementor-element-d6d591d .swiper-slide{transition-duration:calc(5000ms*1.2);height:386px;}.elementor-2008 .elementor-element.elementor-element-d6d591d .swiper-slide-contents{max-width:66%;}.elementor-2008 .elementor-element.elementor-element-d6d591d .swiper-slide-inner{text-align:center;}<\/style>\t\t<div data-elementor-type=\"wp-post\" data-elementor-id=\"2008\" class=\"elementor elementor-2008\" data-elementor-post-type=\"post\">\n\t\t\t\t<div class=\"elementor-element elementor-element-12d71613 e-flex e-con-boxed e-con e-parent\" data-id=\"12d71613\" data-element_type=\"container\">\n\t\t\t\t\t<div class=\"e-con-inner\">\n\t\t<div class=\"elementor-element elementor-element-7aa4bc0 e-con-full e-flex e-con e-child\" data-id=\"7aa4bc0\" data-element_type=\"container\">\n\t\t\t\t<div class=\"elementor-element elementor-element-d6d591d elementor--h-position-center elementor--v-position-middle elementor-arrows-position-inside elementor-pagination-position-inside elementor-widget elementor-widget-slides\" data-id=\"d6d591d\" data-element_type=\"widget\" data-settings=\"{&quot;navigation&quot;:&quot;both&quot;,&quot;autoplay&quot;:&quot;yes&quot;,&quot;pause_on_hover&quot;:&quot;yes&quot;,&quot;pause_on_interaction&quot;:&quot;yes&quot;,&quot;autoplay_speed&quot;:5000,&quot;infinite&quot;:&quot;yes&quot;,&quot;transition&quot;:&quot;slide&quot;,&quot;transition_speed&quot;:500}\" data-widget_type=\"slides.default\">\n\t\t\t\t<div class=\"elementor-widget-container\">\n\t\t\t\t\t\t\t\t\t<div class=\"elementor-swiper\">\n\t\t\t\t\t<div class=\"elementor-slides-wrapper elementor-main-swiper swiper\" role=\"region\" aria-roledescription=\"carousel\" aria-label=\"Slides\" dir=\"ltr\" data-animation=\"fadeInDown\">\n\t\t\t\t<div class=\"swiper-wrapper elementor-slides\">\n\t\t\t\t\t\t\t\t\t\t<div class=\"elementor-repeater-item-5bfb7aa swiper-slide\" role=\"group\" aria-roledescription=\"slide\"><div class=\"swiper-slide-bg\" role=\"img\" aria-label=\"bebek kafa \u015fekil bozukluklar\u0131\"><\/div><div class=\"swiper-slide-inner\" ><div class=\"swiper-slide-contents\"><div class=\"elementor-slide-heading\">CranioWell HKM Kask<\/div><div class=\"elementor-slide-description\">Bebek kafa \u015fekil bozukluklar\u0131 i\u00e7in tasarland\u0131<\/div><\/div><\/div><\/div><div class=\"elementor-repeater-item-b9a1e5b swiper-slide\" role=\"group\" aria-roledescription=\"slide\"><div class=\"swiper-slide-bg\" role=\"img\" aria-label=\"bebek kafa \u015fekil bozukluklar\u0131 kask tedavisi\"><\/div><div class=\"swiper-slide-inner\" ><div class=\"swiper-slide-contents\"><\/div><\/div><\/div><div class=\"elementor-repeater-item-28a7419 swiper-slide\" role=\"group\" aria-roledescription=\"slide\"><div class=\"swiper-slide-bg\" role=\"img\" aria-label=\"kask tedavisi sonu\u00e7lar\u0131\"><\/div><div class=\"swiper-slide-inner\" ><div class=\"swiper-slide-contents\"><\/div><\/div><\/div>\t\t\t\t<\/div>\n\t\t\t\t\t\t\t\t\t\t\t\t\t\t\t<div class=\"elementor-swiper-button elementor-swiper-button-prev\" role=\"button\" tabindex=\"0\" aria-label=\"Previous slide\">\n\t\t\t\t\t\t\t<svg aria-hidden=\"true\" class=\"e-font-icon-svg e-eicon-chevron-left\" viewbox=\"0 0 1000 1000\" xmlns=\"http:\/\/www.w3.org\/2000\/svg\"><path d=\"M646 125C629 125 613 133 604 142L308 442C296 454 292 471 292 487 292 504 296 521 308 533L604 854C617 867 629 875 646 875 663 875 679 871 692 858 704 846 713 829 713 812 713 796 708 779 692 767L438 487 692 225C700 217 708 204 708 187 708 171 704 154 692 142 675 129 663 125 646 125Z\"><\/path><\/svg>\t\t\t\t\t\t<\/div>\n\t\t\t\t\t\t<div class=\"elementor-swiper-button elementor-swiper-button-next\" role=\"button\" tabindex=\"0\" aria-label=\"Next slide\">\n\t\t\t\t\t\t\t<svg aria-hidden=\"true\" class=\"e-font-icon-svg e-eicon-chevron-right\" viewbox=\"0 0 1000 1000\" xmlns=\"http:\/\/www.w3.org\/2000\/svg\"><path d=\"M696 533C708 521 713 504 713 487 713 471 708 454 696 446L400 146C388 133 375 125 354 125 338 125 325 129 313 142 300 154 292 171 292 187 292 204 296 221 308 233L563 492 304 771C292 783 288 800 288 817 288 833 296 850 308 863 321 871 338 875 354 875 371 875 388 867 400 854L696 533Z\"><\/path><\/svg>\t\t\t\t\t\t<\/div>\n\t\t\t\t\t\t\t\t\t\t\t\t\t\t\t\t<div class=\"swiper-pagination\"><\/div>\n\t\t\t\t\t\t\t\t\t\t\t\t<\/div>\n\t\t\t\t<\/div>\n\t\t\t\t\t\t\t\t<\/div>\n\t\t\t\t<\/div>\n\t\t\t\t<\/div>\n\t\t\t\t<div class=\"elementor-element elementor-element-1f22065 elementor-widget elementor-widget-text-editor\" data-id=\"1f22065\" data-element_type=\"widget\" data-widget_type=\"text-editor.default\">\n\t\t\t\t<div class=\"elementor-widget-container\">\n\t\t\t\t\t\t\t\t\t<p><\/p>\n<h2>Bebek Kafa \u015eekil Bozukluklar\u0131 \u0130\u00e7in Bilimsel, Konforlu ve Etik Bir \u00c7\u00f6z\u00fcm<\/h2>\n<p><\/p>\n<p>Bebeklerde g\u00f6r\u00fclen kafatas\u0131 \u015fekil bozukluklar\u0131 (plagiosefali, brakisefali, skafosefali), \u00f6zellikle ilk aylarda ebeveynlerin en s\u0131k kar\u015f\u0131la\u015ft\u0131\u011f\u0131 kayg\u0131 nedenlerinden biridir. Bir\u00e7ok aile, yaln\u0131zca g\u00f6r\u00fcnt\u00fcsel bir problem oldu\u011funu d\u00fc\u015f\u00fcnse de, erken d\u00f6nemde fark edilen asimetriler do\u011fru yakla\u015f\u0131mla b\u00fcy\u00fck \u00f6l\u00e7\u00fcde d\u00fczeltilebilir. \u0130\u015fte Craniowell HKM Pro Kask tam bu noktada devreye giriyor: bilimsel temelli, konfor odakl\u0131 ve etik de\u011ferlere ba\u011fl\u0131 bir tedavi s\u00fcreci sunmak i\u00e7in geli\u015ftirildi.<\/p>\n<p>Craniowell HKM Pro, Hacettepe Teknokent ekosisteminde geli\u015ftirilen, Ankara \u00dcniversitesi\u2019nde Ar-Ge s\u00fcre\u00e7leri tamamlanan, klinik g\u00f6zlemlerle olgunla\u015ft\u0131r\u0131lm\u0131\u015f bir cranial ortez sistemidir. Ama\u00e7 \u201cpahal\u0131 bir medikal \u00fcr\u00fcn satmak\u201d de\u011fil; bebeklerin geli\u015fim d\u00f6nemindeki potansiyel \u015fekil bozukluklar\u0131n\u0131 do\u011fru y\u00f6ntemle y\u00f6nlendirmek ve ailelere g\u00fcvenilir bir tedavi se\u00e7ene\u011fi sunmakt\u0131r. Bu kask, yaln\u0131zca Craniowell ortez-protez merkezinde uzman kontrol\u00fcnde planl\u0131 bir takip s\u00fcreciyle uygulan\u0131r.<\/p>\n<p><img fetchpriority=\"high\" decoding=\"async\" class=\"alignnone wp-image-2106\" src=\"https:\/\/www.craniowell.com\/wp-content\/uploads\/2025\/11\/craniowell-HKM-pro-kafa-sekillendirici-kask-825x1024.jpg\" alt=\"\" width=\"400\" height=\"496\" srcset=\"https:\/\/www.craniowell.com\/wp-content\/uploads\/2025\/11\/craniowell-HKM-pro-kafa-sekillendirici-kask-825x1024.jpg 825w, https:\/\/www.craniowell.com\/wp-content\/uploads\/2025\/11\/craniowell-HKM-pro-kafa-sekillendirici-kask-242x300.jpg 242w, https:\/\/www.craniowell.com\/wp-content\/uploads\/2025\/11\/craniowell-HKM-pro-kafa-sekillendirici-kask-768x953.jpg 768w, https:\/\/www.craniowell.com\/wp-content\/uploads\/2025\/11\/craniowell-HKM-pro-kafa-sekillendirici-kask-10x12.jpg 10w, https:\/\/www.craniowell.com\/wp-content\/uploads\/2025\/11\/craniowell-HKM-pro-kafa-sekillendirici-kask.jpg 1170w\" sizes=\"(max-width: 400px) 100vw, 400px\" \/><\/p>\n<p>\u00a0<\/p>\n<p><\/p>\n<h3 class=\"wp-block-heading\">Neden Craniowell HKM Pro Kask?<\/h3>\n<p><\/p>\n<p><strong>1. Hava Alan Delikli Yap\u0131: Bebe\u011fin Konforu \u00d6nceliktir<\/strong><\/p>\n<p><\/p>\n<p>Piyasadaki bir\u00e7ok kask, kapal\u0131 y\u00fczey yap\u0131s\u0131 nedeniyle bebe\u011fin ba\u015f\u0131nda terleme ve \u0131s\u0131 art\u0131\u015f\u0131na yol a\u00e7abilir. HKM Pro\u2019da bunun tam tersi bir felsefe benimsendi.<br \/>Geni\u015f delik yap\u0131s\u0131 sayesinde:<\/p>\n<p><\/p>\n<ul class=\"wp-block-list\">\n<li style=\"list-style-type: none;\">\n<ul class=\"wp-block-list\"><\/ul>\n<\/li>\n<\/ul>\n<p>\u00a0<\/p>\n<ul class=\"wp-block-list\">\n<li style=\"list-style-type: none;\">\n<ul class=\"wp-block-list\">\n<li>Is\u0131 art\u0131\u015f\u0131 minimumdur,<\/li>\n<\/ul>\n<\/li>\n<\/ul>\n<p><\/p>\n<ul class=\"wp-block-list\">\n<li style=\"list-style-type: none;\">\n<ul class=\"wp-block-list\">\n<li>Terleme ve koku olu\u015fumu azal\u0131r,<\/li>\n<\/ul>\n<\/li>\n<\/ul>\n<p><\/p>\n<ul class=\"wp-block-list\">\n<li style=\"list-style-type: none;\">\n<ul class=\"wp-block-list\">\n<li>Cilt sorunlar\u0131n\u0131n g\u00f6r\u00fclme riski d\u00fc\u015fer.<\/li>\n<\/ul>\n<\/li>\n<\/ul>\n<p><\/p>\n<p><\/p>\n<p><strong>2. Yumu\u015fak \u0130\u00e7 Plastozot: Hassas Cilt \u0130\u00e7in Uygun Bas\u0131n\u00e7 Y\u00f6netimi<\/strong><\/p>\n<p><\/p>\n<ul class=\"wp-block-list\">\n<li style=\"list-style-type: none;\">\n<ul class=\"wp-block-list\"><\/ul>\n<\/li>\n<\/ul>\n<p>\u00a0<\/p>\n<ul class=\"wp-block-list\">\n<li style=\"list-style-type: none;\">\n<ul class=\"wp-block-list\">\n<li>HKM Pro\u2019nun i\u00e7 y\u00fczeyi, \u00f6zel se\u00e7ilmi\u015f medikal plastozot tabanl\u0131 bir yap\u0131dan olu\u015fur.<\/li>\n<\/ul>\n<\/li>\n<\/ul>\n<p><\/p>\n<ul class=\"wp-block-list\">\n<li style=\"list-style-type: none;\">\n<ul class=\"wp-block-list\">\n<li>Bu i\u00e7erik, iki temel avantaj sa\u011flar:<\/li>\n<\/ul>\n<\/li>\n<\/ul>\n<p><\/p>\n<ul class=\"wp-block-list\">\n<li style=\"list-style-type: none;\">\n<ul class=\"wp-block-list\">\n<li>Bas\u0131nc\u0131 yumu\u015fak ve homojen \u015fekilde da\u011f\u0131tarak cilt tahri\u015fini \u00f6nler.<\/li>\n<\/ul>\n<\/li>\n<\/ul>\n<p><\/p>\n<ul class=\"wp-block-list\">\n<li style=\"list-style-type: none;\">\n<ul class=\"wp-block-list\">\n<li>Bebe\u011fin b\u00fcy\u00fcme dinamiklerine uyum sa\u011flayarak \u015fekil y\u00f6nlendirmesini daha kontroll\u00fc yapar.<\/li>\n<\/ul>\n<\/li>\n<\/ul>\n<p><\/p>\n<ul class=\"wp-block-list\">\n<li style=\"list-style-type: none;\">\n<ul class=\"wp-block-list\">\n<li>Kafatas\u0131 yap\u0131s\u0131 hassas olan erken d\u00f6nem bebeklerde, bu yumu\u015fak i\u00e7 yap\u0131 hem g\u00fcvenlik hem de tedavi konforu a\u00e7\u0131s\u0131ndan \u00f6nemli bir fark yarat\u0131r.<\/li>\n<\/ul>\n<\/li>\n<\/ul>\n<p><\/p>\n<p><\/p>\n<p>3. \u00dcretim ve Tedavi Yakla\u015f\u0131m\u0131<\/p>\n<p><\/p>\n<p>Craniowell ekibi olarak amac\u0131m\u0131z aileleri korkutup \u201ckask ald\u0131rmak\u201d de\u011fil; do\u011fru de\u011ferlendirme, do\u011fru tan\u0131 ve do\u011fru tedavi zamanlamas\u0131d\u0131r.<br \/>Bu nedenle:<\/p>\n<p><\/p>\n<ul class=\"wp-block-list\">\n<li style=\"list-style-type: none;\">\n<ul class=\"wp-block-list\"><\/ul>\n<\/li>\n<\/ul>\n<p>\u00a0<\/p>\n<ul class=\"wp-block-list\">\n<li style=\"list-style-type: none;\">\n<ul class=\"wp-block-list\">\n<li>Kask gerekmeyen bebeklere kask \u00f6nerilmez.<\/li>\n<\/ul>\n<\/li>\n<\/ul>\n<p><\/p>\n<ul class=\"wp-block-list\">\n<li style=\"list-style-type: none;\">\n<ul class=\"wp-block-list\">\n<li>Hafif \u015fekil bozukluklar\u0131nda pozisyonlama egzersizleri ve takip \u00f6nerilir.<\/li>\n<\/ul>\n<\/li>\n<\/ul>\n<p><\/p>\n<ul class=\"wp-block-list\">\n<li style=\"list-style-type: none;\">\n<ul class=\"wp-block-list\">\n<li>Sadece ger\u00e7ekten ihtiya\u00e7 olan vakalarda tedavi ba\u015flan\u0131r.<\/li>\n<\/ul>\n<\/li>\n<\/ul>\n<p><\/p>\n<p><\/p>\n<p>Her bebe\u011fin kafatas\u0131 farkl\u0131d\u0131r ve tedavi planlamas\u0131 tamamen ki\u015fiye \u00f6zeldir. Etik s\u00fcre\u00e7 bu i\u015fin temelidir.<\/p>\n<p><\/p>\n<h3 class=\"wp-block-heading\"><strong>4. Onlarca Ger\u00e7ek Hastada Kan\u0131tlanm\u0131\u015f Ba\u015far\u0131<\/strong><\/h3>\n<p><\/p>\n<p>HKM Pro, geli\u015ftirme s\u00fcrecinde yaln\u0131zca teorik \u00e7izimlerle kalmad\u0131.<br \/>Ankara \u00dcniversitesi ve Craniowell ortez-protez merkezinde:<\/p>\n<p><\/p>\n<ul class=\"wp-block-list\">\n<li style=\"list-style-type: none;\">\n<ul class=\"wp-block-list\"><\/ul>\n<\/li>\n<\/ul>\n<p>\u00a0<\/p>\n<ul class=\"wp-block-list\">\n<li style=\"list-style-type: none;\">\n<ul class=\"wp-block-list\">\n<li>Farkl\u0131 derecelerde plagiosefali,<\/li>\n<\/ul>\n<\/li>\n<\/ul>\n<p><\/p>\n<ul class=\"wp-block-list\">\n<li style=\"list-style-type: none;\">\n<ul class=\"wp-block-list\">\n<li>Brakisefali,<\/li>\n<\/ul>\n<\/li>\n<\/ul>\n<p><\/p>\n<ul class=\"wp-block-list\">\n<li style=\"list-style-type: none;\">\n<ul class=\"wp-block-list\">\n<li>Asimetrik kar\u0131\u015f\u0131k deformitelerde,<\/li>\n<\/ul>\n<\/li>\n<\/ul>\n<p><\/p>\n<ul class=\"wp-block-list\">\n<li style=\"list-style-type: none;\">\n<ul class=\"wp-block-list\">\n<li>Erken ve ge\u00e7 d\u00f6nem hastalarda<\/li>\n<\/ul>\n<\/li>\n<\/ul>\n<p><\/p>\n<p><\/p>\n<p>onlarca bebekte uyguland\u0131 ve s\u00fcre\u00e7 boyunca al\u0131nan \u00f6l\u00e7\u00fcmlerle ilerleme takip edildi.<\/p>\n<p><\/p>\n<p>Elde edilen sonu\u00e7larda ortalama geli\u015fim oran\u0131 belirgin ve g\u00f6zle g\u00f6r\u00fcl\u00fcr d\u00fczeydeydi. Bu da HKM Pro\u2019nun sadece tasar\u0131m olarak de\u011fil, klinik uygulamada da etkili bir \u00e7\u00f6z\u00fcm oldu\u011funu g\u00f6steriyor.<\/p>\n<p><\/p>\n<h3 class=\"wp-block-heading\"><strong>5. Takip Sistemi ve Bilimsel Veri Taban\u0131<\/strong><\/h3>\n<p><\/p>\n<p>Craniowell, kask uygulamas\u0131n\u0131 yaln\u0131zca bir cihaz tak\u0131p b\u0131rakmak olarak g\u00f6rmez.<br \/>Tedavinin temel g\u00fcc\u00fc d\u00fczenli takiptir.<\/p>\n<p><\/p>\n<ul class=\"wp-block-list\">\n<li style=\"list-style-type: none;\">\n<ul class=\"wp-block-list\"><\/ul>\n<\/li>\n<\/ul>\n<p>\u00a0<\/p>\n<ul class=\"wp-block-list\">\n<li style=\"list-style-type: none;\">\n<ul class=\"wp-block-list\">\n<li>\u0130lk kontrol: 15. g\u00fcn (en kritik de\u011ferlendirme)<\/li>\n<\/ul>\n<\/li>\n<\/ul>\n<p><\/p>\n<ul class=\"wp-block-list\">\n<li style=\"list-style-type: none;\">\n<ul class=\"wp-block-list\">\n<li>Sonraki kontroller: Ayl\u0131k<\/li>\n<\/ul>\n<\/li>\n<\/ul>\n<p><\/p>\n<ul class=\"wp-block-list\">\n<li style=\"list-style-type: none;\">\n<ul class=\"wp-block-list\">\n<li>\u00d6l\u00e7\u00fcmler: CVA, ba\u015f \u00e7evresi, geni\u015flik-uzunluk oran\u0131, simetri analizleri<\/li>\n<\/ul>\n<\/li>\n<\/ul>\n<p><\/p>\n<ul class=\"wp-block-list\">\n<li style=\"list-style-type: none;\">\n<ul class=\"wp-block-list\">\n<li>Yaz\u0131l\u0131m tabanl\u0131 kask takip sistemiyle dijital de\u011ferlendirme<\/li>\n<\/ul>\n<\/li>\n<\/ul>\n<p><\/p>\n<p><\/p>\n<p>Bu sistem, tedavinin objektif verilerle ilerlemesini sa\u011flar ve aileye s\u00fcrecin bilimsel bir \u00e7er\u00e7evede y\u00fcr\u00fct\u00fcld\u00fc\u011f\u00fcn\u00fc hissettirir.,<\/p>\n<p><\/p>\n<h2 class=\"wp-block-heading\"><strong>Aileler Neden HKM Pro\u2019ya G\u00fcveniyor?<\/strong><\/h2>\n<p><\/p>\n<p>Ailelerin karars\u0131zl\u0131k ya\u015fad\u0131\u011f\u0131 bir ger\u00e7ek. Kask almak ciddi bir karar.<br \/>Ancak HKM Pro&#8217;nun tercih edilme nedenleri \u00f6zetle \u015f\u00f6yle:<\/p>\n<p><\/p>\n<ul class=\"wp-block-list\">\n<li style=\"list-style-type: none;\">\n<ul class=\"wp-block-list\"><\/ul>\n<\/li>\n<\/ul>\n<p>\u00a0<\/p>\n<ul class=\"wp-block-list\">\n<li style=\"list-style-type: none;\">\n<ul class=\"wp-block-list\">\n<li>\u00dcniversite destekli Ar-Ge s\u00fcrecinde geli\u015ftirilmi\u015f olmas\u0131<\/li>\n<\/ul>\n<\/li>\n<\/ul>\n<p><\/p>\n<ul class=\"wp-block-list\">\n<li style=\"list-style-type: none;\">\n<ul class=\"wp-block-list\">\n<li>T\u00dcB\u0130TAK taraf\u0131ndan desteklenen bir \u00fcr\u00fcn konsepti olmas\u0131<\/li>\n<\/ul>\n<\/li>\n<\/ul>\n<p><\/p>\n<ul class=\"wp-block-list\">\n<li style=\"list-style-type: none;\">\n<ul class=\"wp-block-list\">\n<li>Klinik ba\u015far\u0131lar\u0131n\u0131n ger\u00e7ek hastalar \u00fczerinden do\u011frulanmas\u0131<\/li>\n<\/ul>\n<\/li>\n<\/ul>\n<p><\/p>\n<ul class=\"wp-block-list\">\n<li style=\"list-style-type: none;\">\n<ul class=\"wp-block-list\">\n<li>Konfor odakl\u0131 tasar\u0131m<\/li>\n<\/ul>\n<\/li>\n<\/ul>\n<p><\/p>\n<ul class=\"wp-block-list\">\n<li style=\"list-style-type: none;\">\n<ul class=\"wp-block-list\">\n<li>Etik tedavi yakla\u015f\u0131m\u0131<\/li>\n<\/ul>\n<\/li>\n<\/ul>\n<p><\/p>\n<ul class=\"wp-block-list\">\n<li style=\"list-style-type: none;\">\n<ul class=\"wp-block-list\">\n<li>T\u00fcrkiye\u2019de geli\u015ftirilmi\u015f yerli bir teknoloji olmas\u0131<\/li>\n<\/ul>\n<\/li>\n<\/ul>\n<p><\/p>\n<p><\/p>\n<p>Bu \u00f6zellikler, ailelere hem \u00fcr\u00fcn\u00fcn g\u00fcvenilirli\u011fi hem de s\u00fcrecin profesyonel y\u00f6netimi konusunda g\u00fcven veriyor.<\/p>\n<p><\/p>\n<h2 class=\"wp-block-heading\"><strong>Sonu\u00e7: Craniowell HKM Pro, Bir Kasktan Fazlas\u0131d\u0131r<\/strong><\/h2>\n<p><\/p>\n<p>Bu kask yaln\u0131zca bir cihaz de\u011fil; bilimsel bir yakla\u015f\u0131m\u0131n, etik bir tedavi s\u00fcrecinin ve bebeklerin sa\u011fl\u0131kl\u0131 geli\u015fimine verilen de\u011ferin bir sonucudur.<\/p>\n<p><\/p>\n<p>Erken d\u00f6nemde do\u011fru \u015fekilde uyguland\u0131\u011f\u0131nda, bebeklerdeki \u015fekil bozukluklar\u0131nda y\u00fcksek oranda d\u00fczelme sa\u011flanabilir. Ailelerin kayg\u0131lar\u0131n\u0131 azaltmak, bebe\u011fin geli\u015fim yolculu\u011funa katk\u0131 sunmak ve tedaviyi konforlu hale getirmek Craniowell HKM Pro\u2019nun \u00f6nceli\u011fidir.<\/p>\n<p><\/p>\n<figure class=\"wp-block-image aligncenter\"><img decoding=\"async\" class=\"wp-image-3119\" src=\"https:\/\/www.craniowell.com\/wp-content\/uploads\/2025\/02\/Cranial-kask-tedavisi-300x300.png\" alt=\"\" \/><\/figure>\n<p><\/p>\n<h3 class=\"wp-block-heading\">Tedavi S\u00fcreci ve Ba\u015far\u0131s\u0131<\/h3>\n<p><\/p>\n<p>Cranial kask tedavisinin ba\u015far\u0131s\u0131, erken tan\u0131 ve m\u00fcdahaleye ba\u011fl\u0131d\u0131r. \u00d6zellikle 6 aydan k\u00fc\u00e7\u00fck bebeklerde uyguland\u0131\u011f\u0131nda, asimetrinin d\u00fczeltilmesinde daha etkili sonu\u00e7lar elde edilmektedir. Tedavi s\u00fcrecinde, kask\u0131n do\u011fru \u015fekilde kullan\u0131lmas\u0131 ve d\u00fczenli doktor kontrolleri \u00f6nemlidir. Yap\u0131lan klinik ara\u015ft\u0131rmalar, kask tedavisinin deformasyona ba\u011fl\u0131 kafatas\u0131 \u015fekil bozukluklar\u0131nda %81\u2019e varan oranlarda ba\u015far\u0131l\u0131 d\u00fczelme sa\u011flad\u0131\u011f\u0131n\u0131 g\u00f6stermektedir.<\/p>\n<p><\/p>\n<h3 class=\"wp-block-heading\">Tedavi Sonras\u0131 Bak\u0131m ve Takip<\/h3>\n<p><\/p>\n<p>Cranial kask tedavisinin etkinli\u011fi, tedavi sonras\u0131 d\u00fczg\u00fcn takip ve bak\u0131m ile art\u0131r\u0131labilir. Tedavi s\u00fcresince bebe\u011fin cildi d\u00fczenli olarak kontrol edilmeli, olas\u0131 tahri\u015f veya bas\u0131 yaralar\u0131n\u0131n olu\u015fmas\u0131 \u00f6nlenmelidir. Tedavi bittikten sonra doktor kontrolleri devam etmeli ve ebeveynler, bebe\u011fin uyku pozisyonu ve genel kafatas\u0131 geli\u015fimi konusunda bilgilendirilmelidir.<\/p>\n<p><\/p>\n<h3 class=\"wp-block-heading\">Tedaviye Ba\u015flamadan \u00d6nce Dikkat Edilmesi Gerekenler<\/h3>\n<p><\/p>\n<p>Cranial kask tedavisine ba\u015flamadan \u00f6nce, a\u015fa\u011f\u0131daki noktalara dikkat edilmelidir:<\/p>\n<p><\/p>\n<ul class=\"wp-block-list\">\n<li style=\"list-style-type: none;\">\n<ul class=\"wp-block-list\"><\/ul>\n<\/li>\n<\/ul>\n<p>\u00a0<\/p>\n<ul class=\"wp-block-list\">\n<li style=\"list-style-type: none;\">\n<ul class=\"wp-block-list\">\n<li><strong>Uzman G\u00f6r\u00fc\u015f\u00fc<\/strong>: Tedaviye ba\u015flamadan \u00f6nce mutlaka bir \u00e7ocuk doktoru, beyin cerrahisi ya da \u00e7ocuk n\u00f6rolojisi uzman\u0131na dan\u0131\u015f\u0131lmal\u0131d\u0131r.<\/li>\n<\/ul>\n<\/li>\n<\/ul>\n<p><\/p>\n<ul class=\"wp-block-list\">\n<li style=\"list-style-type: none;\">\n<ul class=\"wp-block-list\">\n<li><strong>Do\u011fru Tan\u0131<\/strong>: Kafatas\u0131 \u015fekil bozuklu\u011funun t\u00fcr\u00fc ve derecesi do\u011fru bir \u015fekilde belirlenmelidir.<\/li>\n<\/ul>\n<\/li>\n<\/ul>\n<p><\/p>\n<ul class=\"wp-block-list\">\n<li style=\"list-style-type: none;\">\n<ul class=\"wp-block-list\">\n<li><strong>Tedavi Zamanlamas\u0131<\/strong>: Erken d\u00f6nemde ba\u015flanan tedaviler daha ba\u015far\u0131l\u0131 sonu\u00e7lar verir.<\/li>\n<\/ul>\n<\/li>\n<\/ul>\n<p><\/p>\n<ul class=\"wp-block-list\">\n<li style=\"list-style-type: none;\">\n<ul class=\"wp-block-list\">\n<li><strong>Aile E\u011fitimi<\/strong>: Aileler, tedavi s\u00fcreci ve kask kullan\u0131m\u0131 konusunda bilgilendirilmelidir.<\/li>\n<\/ul>\n<\/li>\n<\/ul>\n<p><\/p>\n<p><\/p>\n<p>Sonu\u00e7 olarak, cranial kask tedavisi, bebeklerdeki kafatas\u0131 \u015fekil bozukluklar\u0131n\u0131n d\u00fczeltilmesinde etkili ve g\u00fcvenilir bir y\u00f6ntemdir. Erken tan\u0131 ve m\u00fcdahale ile bu bozukluklar\u0131n b\u00fcy\u00fck bir k\u0131sm\u0131 ba\u015far\u0131l\u0131 bir \u015fekilde tedavi edilebilir.<\/p>\n<p><\/p>\n<figure class=\"wp-block-image aligncenter\"><img decoding=\"async\" class=\"wp-image-3137\" src=\"https:\/\/www.craniowell.com\/wp-content\/uploads\/2025\/02\/Bebek-kafa-sekil-bozuklugu-kask-tedavisi-600x300.png\" alt=\"Bebeklerde kafa \u015fekil bozukluklar\u0131n\u0131 d\u00fczeltmek i\u00e7in kullan\u0131lan ortotik kask tedavisini g\u00f6steren g\u00f6rsel. Plagiosefali, brakiosefali ve skafosefali gibi deformasyonlar\u0131n d\u00fczeltilmesine yard\u0131mc\u0131 olan kask tedavisinin nas\u0131l uyguland\u0131\u011f\u0131n\u0131 anlatan t\u0131bbi ill\u00fcstrasyon.\" \/><\/figure>\n<p><\/p>\t\t\t\t\t\t\t\t<\/div>\n\t\t\t\t<\/div>\n\t\t\t\t\t<\/div>\n\t\t\t\t<\/div>\n\t\t\t\t<\/div>","protected":false},"excerpt":{"rendered":"<p>CranioWell HKM KaskBebek kafa \u015fekil bozukluklar\u0131 i\u00e7in tasarland\u0131 Previous slide Next slide Bebek Kafa \u015eekil Bozukluklar\u0131 \u0130\u00e7in Bilimsel, Konforlu ve Etik Bir \u00c7\u00f6z\u00fcm Bebeklerde g\u00f6r\u00fclen kafatas\u0131 \u015fekil bozukluklar\u0131 (plagiosefali, brakisefali, skafosefali), \u00f6zellikle ilk aylarda ebeveynlerin en s\u0131k kar\u015f\u0131la\u015ft\u0131\u011f\u0131 kayg\u0131 nedenlerinden biridir. Bir\u00e7ok aile, yaln\u0131zca g\u00f6r\u00fcnt\u00fcsel bir problem oldu\u011funu d\u00fc\u015f\u00fcnse de, erken d\u00f6nemde fark edilen asimetriler [&hellip;]<\/p>","protected":false},"author":1,"featured_media":0,"comment_status":"open","ping_status":"open","sticky":false,"template":"","format":"standard","meta":{"_sitemap_exclude":false,"_sitemap_priority":"","_sitemap_frequency":"","footnotes":""},"categories":[10],"tags":[],"class_list":["post-2008","post","type-post","status-publish","format-standard","hentry","category-cranial-kask"],"_links":{"self":[{"href":"https:\/\/www.craniowell.com\/en\/wp-json\/wp\/v2\/posts\/2008","targetHints":{"allow":["GET"]}}],"collection":[{"href":"https:\/\/www.craniowell.com\/en\/wp-json\/wp\/v2\/posts"}],"about":[{"href":"https:\/\/www.craniowell.com\/en\/wp-json\/wp\/v2\/types\/post"}],"author":[{"embeddable":true,"href":"https:\/\/www.craniowell.com\/en\/wp-json\/wp\/v2\/users\/1"}],"replies":[{"embeddable":true,"href":"https:\/\/www.craniowell.com\/en\/wp-json\/wp\/v2\/comments?post=2008"}],"version-history":[{"count":11,"href":"https:\/\/www.craniowell.com\/en\/wp-json\/wp\/v2\/posts\/2008\/revisions"}],"predecessor-version":[{"id":2271,"href":"https:\/\/www.craniowell.com\/en\/wp-json\/wp\/v2\/posts\/2008\/revisions\/2271"}],"wp:attachment":[{"href":"https:\/\/www.craniowell.com\/en\/wp-json\/wp\/v2\/media?parent=2008"}],"wp:term":[{"taxonomy":"category","embeddable":true,"href":"https:\/\/www.craniowell.com\/en\/wp-json\/wp\/v2\/categories?post=2008"},{"taxonomy":"post_tag","embeddable":true,"href":"https:\/\/www.craniowell.com\/en\/wp-json\/wp\/v2\/tags?post=2008"}],"curies":[{"name":"wp","href":"https:\/\/api.w.org\/{rel}","templated":true}]}}