{"id":1969,"date":"2025-11-03T05:48:32","date_gmt":"2025-11-03T05:48:32","guid":{"rendered":"https:\/\/www.craniowell.com\/?p=1969"},"modified":"2025-11-26T06:32:31","modified_gmt":"2025-11-26T06:32:31","slug":"bebeklerde-duz-kafa-sendromu-kask-tedavisi","status":"publish","type":"post","link":"https:\/\/www.craniowell.com\/en\/bebeklerde-duz-kafa-sendromu-kask-tedavisi\/","title":{"rendered":"Bebeklerde D\u00fcz Kafa Sendromu ve Kask Tedavisi"},"content":{"rendered":"<h2 class=\"wp-block-heading\">\ud83e\udde0 <strong>Bebeklerde Kask Tedavisi \u00dczerine Tart\u0131\u015fmalar Neden Bitmiyor?<\/strong><\/h2>\n\n\n\n<h3 class=\"wp-block-heading\">Craniowell HKM Pro Perspektifiyle Bilimsel Bir De\u011ferlendirme<\/h3>\n\n\n\n<p>Bebeklerde d\u00fcz kafa \u015fekil bozukluklar\u0131n\u0131n (pozisyonel plajiyosefali ve brakisefali) tedavisi uzun y\u0131llard\u0131r hem T\u00fcrkiye\u2019de hem de uluslararas\u0131 alanda tart\u0131\u015fma konusudur.<br>Baz\u0131 uzmanlar bu durumun yaln\u0131zca <strong>kozmetik<\/strong> bir sorun oldu\u011funu savunurken, di\u011ferleri \u2014 bizler gibi \u2014 bunu <strong>erken d\u00f6nemde y\u00f6nlendirilmesi gereken geli\u015fimsel bir durum<\/strong> olarak ele al\u0131r.<\/p>\n\n\n\n<p>Bu tart\u0131\u015fma, \u00f6zellikle 1990\u2019l\u0131 y\u0131llarda bebeklerin s\u0131rt\u00fcst\u00fc yat\u0131r\u0131lmas\u0131n\u0131 \u00f6neren <em>Back to Sleep<\/em> kampanyas\u0131ndan sonra h\u0131zla artan kafa \u015fekil bozuklu\u011fu vakalar\u0131yla daha da belirgin hale gelmi\u015ftir.<br>Ara\u015ft\u0131rmalar, yenido\u011fanlar\u0131n yakla\u015f\u0131k d\u00f6rtte birinde belirgin veya hafif d\u00fczeyde asimetri g\u00f6r\u00fcld\u00fc\u011f\u00fcn\u00fc, baz\u0131 \u00e7al\u0131\u015fmalarda bu oran\u0131n %45\u2019e kadar \u00e7\u0131kabildi\u011fini g\u00f6stermektedir.<\/p>\n\n\n\n<hr class=\"wp-block-separator has-alpha-channel-opacity\"\/>\n\n\n\n<h3 class=\"wp-block-heading\">\ud83d\udcc8 <strong>Epidemiyoloji: G\u00f6z Ard\u0131 Edilen Bir Ger\u00e7ek<\/strong><\/h3>\n\n\n\n<p>Son 30 y\u0131lda kafa \u015fekil bozukluklar\u0131n\u0131n g\u00f6r\u00fclme s\u0131kl\u0131\u011f\u0131 belirgin bi\u00e7imde artm\u0131\u015ft\u0131r.<br>Uyku g\u00fcvenli\u011fi a\u00e7\u0131s\u0131ndan s\u0131rt\u00fcst\u00fc yat\u0131rma \u00f6nerisi yerinde olsa da, bu durum ba\u015f\u0131n ayn\u0131 noktaya s\u00fcrekli temas etmesiyle <strong>arka kafada d\u00fczle\u015fme (brakisefali)<\/strong> ve <strong>yanal asimetri (plajiyosefali)<\/strong> olu\u015fumunu h\u0131zland\u0131rm\u0131\u015ft\u0131r.<\/p>\n\n\n\n<p>Craniowell Ortez ve Protez Uygulama Merkezi olarak klini\u011fimizde g\u00f6zlemledi\u011fimiz vaka art\u0131\u015f\u0131, \u00f6zellikle 4\u20138 ay aras\u0131 bebeklerde, <strong>pozisyonel etkilenmeye ba\u011fl\u0131 deformasyonun aktif b\u00fcy\u00fcme d\u00f6neminde geli\u015fti\u011fini<\/strong> g\u00f6stermektedir.<\/p>\n\n\n\n<hr class=\"wp-block-separator has-alpha-channel-opacity\"\/>\n\n\n\n<h3 class=\"wp-block-heading\">\ud83e\udde9 <strong>Kask Tedavisinin Gereklili\u011fi: Neden ve Ne Zaman?<\/strong><\/h3>\n\n\n\n<p>\u00c7o\u011fu bebekte, ya\u015fam\u0131n ilk 3 ay\u0131nda <strong>pozisyon de\u011fi\u015fimi<\/strong> ve <strong>fizyoterapi<\/strong> ile iyile\u015fme m\u00fcmk\u00fcnd\u00fcr.<br>Ancak, belirgin deformitelerde veya ileri ya\u015fta ba\u015fvurularda bu yakla\u015f\u0131mlar tek ba\u015f\u0131na yetersiz kalmaktad\u0131r.<\/p>\n\n\n\n<p><strong>Craniowell HKM Pro kask\u0131<\/strong>, bu noktada devreye girer.<br>Kask tedavisi, bebek ba\u015f\u0131n\u0131n do\u011fal b\u00fcy\u00fcmesini y\u00f6nlendirerek kafatas\u0131n\u0131n simetrik bir bi\u00e7imde geni\u015flemesini sa\u011flar.<br>Bu y\u00f6ntem pasif de\u011fil, <strong>aktif b\u00fcy\u00fcme g\u00fcc\u00fcnden yararlanan dinamik bir d\u00fczeltme y\u00f6ntemidir.<\/strong><\/p>\n\n\n\n<hr class=\"wp-block-separator has-alpha-channel-opacity\"\/>\n\n\n\n<h3 class=\"wp-block-heading\">\ud83d\udd53 <strong>Tedavi \u0130\u00e7in Uygun Zaman Aral\u0131\u011f\u0131<\/strong><\/h3>\n\n\n\n<p>Kafatas\u0131 b\u00fcy\u00fcme potansiyeli 4. aydan itibaren h\u0131zla azalmaya ba\u015flar.<br>Bu nedenle, Craniowell kask tedavisi i\u00e7in <strong>ideal ba\u015flang\u0131\u00e7 ya\u015f\u0131 4\u20137 ay<\/strong> aral\u0131\u011f\u0131d\u0131r.<br>12 aydan sonra iyile\u015fme potansiyeli s\u0131n\u0131rlan\u0131r, 14 aydan sonra ise kafa kemikleri birle\u015fmeye ba\u015flad\u0131\u011f\u0131 i\u00e7in etkili sonu\u00e7 almak g\u00fc\u00e7le\u015fir.<\/p>\n\n\n\n<figure class=\"wp-block-table\"><table class=\"has-fixed-layout\"><thead><tr><th><strong>Ya\u015f Aral\u0131\u011f\u0131<\/strong><\/th><th><strong>Tedavi Yakla\u015f\u0131m\u0131<\/strong><\/th><th><strong>Ba\u015far\u0131 Potansiyeli<\/strong><\/th><\/tr><\/thead><tbody><tr><td>0\u20134 ay<\/td><td>Pozisyon de\u011fi\u015fikli\u011fi ve egzersiz \u00f6nerilir<\/td><td>Y\u00fcksek<\/td><\/tr><tr><td>4\u20138 ay<\/td><td>Craniowell HKM Pro kask tedavisi en etkili d\u00f6nem<\/td><td>En y\u00fcksek<\/td><\/tr><tr><td>8\u201312 ay<\/td><td>Kask tedavisi uygulanabilir, b\u00fcy\u00fcme h\u0131z\u0131 azal\u0131r<\/td><td>Orta<\/td><\/tr><tr><td>12\u201314 ay<\/td><td>Tedaviye ba\u015flanabilir, ancak sonu\u00e7lar s\u0131n\u0131rl\u0131 olur<\/td><td>D\u00fc\u015f\u00fck<\/td><\/tr><tr><td>14+ ay<\/td><td>Kemik kayna\u015fmas\u0131 nedeniyle cerrahi d\u0131\u015f\u0131nda se\u00e7enek yoktur<\/td><td>Uygun de\u011fil<\/td><\/tr><\/tbody><\/table><\/figure>\n\n\n\n<hr class=\"wp-block-separator has-alpha-channel-opacity\"\/>\n\n\n\n<h3 class=\"wp-block-heading\">\ud83d\udd2c <strong>Bilimsel Bulgular: Ger\u00e7ek Etkinlik<\/strong><\/h3>\n\n\n\n<p>Uluslararas\u0131 literat\u00fcrde yap\u0131lan en kapsaml\u0131 kar\u015f\u0131la\u015ft\u0131rmal\u0131 \u00e7al\u0131\u015fmalarda,<br>pozisyon tedavisiyle <strong>tam d\u00fczeltme oran\u0131 %75 civar\u0131ndayken<\/strong>,<br>kask tedavisiyle bu oran <strong>%94\u2019\u00fcn \u00fczerindedir<\/strong>.<\/p>\n\n\n\n<p>Craniowell\u2019de uygulanan sistem, klasik kasklardan farkl\u0131 olarak:<\/p>\n\n\n\n<ul class=\"wp-block-list\">\n<li>Hava ge\u00e7irgen yap\u0131s\u0131 sayesinde <strong>uzun s\u00fcreli konfor sa\u011flar<\/strong>,<\/li>\n\n\n\n<li>3D tarama ve ki\u015fisel modifikasyonla <strong>bebek anatomisine tam uyum g\u00f6sterir<\/strong>,<\/li>\n\n\n\n<li>A\u011f\u0131rl\u0131\u011f\u0131 200 gram\u0131n alt\u0131ndad\u0131r, <strong>bebe\u011fin motor geli\u015fimini engellemez<\/strong>.<\/li>\n<\/ul>\n\n\n\n<hr class=\"wp-block-separator has-alpha-channel-opacity\"\/>\n\n\n\n<h3 class=\"wp-block-heading\">\u2696\ufe0f <strong>\u201cKask Tedavisi Gereksiz\u201d S\u00f6ylemi Neden Bilimsel De\u011fil?<\/strong><\/h3>\n\n\n\n<p>2014 y\u0131l\u0131nda yay\u0131mlanan baz\u0131 s\u0131n\u0131rl\u0131 kapsaml\u0131 \u00e7al\u0131\u015fmalar, kask tedavisinin etkisiz oldu\u011funu iddia etmi\u015ftir.<br>Ancak bu ara\u015ft\u0131rmalar\u0131n \u00e7o\u011funda:<\/p>\n\n\n\n<ul class=\"wp-block-list\">\n<li>\u00d6rneklem say\u0131s\u0131 d\u00fc\u015f\u00fckt\u00fcr,<\/li>\n\n\n\n<li>Tedavi s\u00fcresi k\u0131sa tutulmu\u015ftur,<\/li>\n\n\n\n<li>Kasklar\u0131n tasar\u0131m\u0131 ve uygulama protokolleri birbirinden farkl\u0131d\u0131r.<\/li>\n<\/ul>\n\n\n\n<p>Craniowell HKM Pro kask\u0131, <strong>t\u0131bbi 3D modelleme<\/strong>, <strong>fizyolojik bas\u0131n\u00e7 y\u00f6netimi<\/strong> ve <strong>dinamik ventilasyon sistemi<\/strong> ile \u00fcretilen yeni nesil bir cihazd\u0131r.<br>Bu nedenle, eski veriler Craniowell\u2019in bug\u00fcnk\u00fc klinik sonu\u00e7lar\u0131n\u0131 yans\u0131tmaz.<\/p>\n\n\n\n<hr class=\"wp-block-separator has-alpha-channel-opacity\"\/>\n\n\n\n<h3 class=\"wp-block-heading\">\ud83d\udc76 <strong>Kask Tedavisi Sadece G\u00f6rsel Bir D\u00fczeltme mi?<\/strong><\/h3>\n\n\n\n<p>Hay\u0131r.<br>Ba\u015f \u015fekli bozukluklar\u0131 yaln\u0131zca estetik de\u011fil, <strong>denge, g\u00f6rsel hizalanma, \u00e7ene geli\u015fimi<\/strong> ve hatta <strong>erken d\u00f6nem motor beceriler<\/strong> \u00fczerinde etkili olabilir.<br>Bebek ba\u015f\u0131n\u0131n do\u011fal formuna yakla\u015fmas\u0131, bu sistemlerin daha simetrik geli\u015fmesini destekler.<\/p>\n\n\n\n<p>Craniowell tedavi yakla\u015f\u0131m\u0131, yaln\u0131zca d\u00fczeltici de\u011fil, <strong>n\u00f6rogeli\u015fimsel destekleyici<\/strong> bir yakla\u015f\u0131md\u0131r.<\/p>\n\n\n\n<hr class=\"wp-block-separator has-alpha-channel-opacity\"\/>\n\n\n\n<h3 class=\"wp-block-heading\">\ud83d\udcac <strong>Ebeveynler \u0130\u00e7in Ana Mesaj<\/strong><\/h3>\n\n\n\n<ul class=\"wp-block-list\">\n<li>Kafa \u015fekli bozukluklar\u0131 \u201ckendili\u011finden ge\u00e7ecek\u201d kadar basit de\u011fildir.<\/li>\n\n\n\n<li>Zaman\u0131nda m\u00fcdahale, bebe\u011fin ya\u015fam boyu s\u00fcrecek bir g\u00f6rsel ve fonksiyonel avantaj kazanmas\u0131n\u0131 sa\u011flar.\n<ol start=\"14\" class=\"wp-block-list\">\n<li>aydan sonra b\u00fcy\u00fcme penceresi kapan\u0131r \u2014 erken fark edilmesi \u00e7ok \u00f6nemlidir.<\/li>\n<\/ol>\n<\/li>\n\n\n\n<li>Tedaviye ba\u015flamak, \u00e7o\u011fu zaman ameliyat ihtiyac\u0131n\u0131 ortadan kald\u0131r\u0131r.<\/li>\n<\/ul>\n\n\n\n<hr class=\"wp-block-separator has-alpha-channel-opacity\"\/>\n\n\n\n<h3 class=\"wp-block-heading\">\ud83c\udfe5 <strong>Craniowell Ortez Protez ve Uygulama Merkezi Olarak<\/strong><\/h3>\n\n\n\n<p>Biz, bebeklerde kafa \u015fekil bozukluklar\u0131n\u0131n erken tan\u0131 ve tedavisinde,<br><strong>EUDAMED ve UTS kay\u0131tl\u0131 Craniowell HKM Pro kask<\/strong> ile T\u00fcrkiye\u2019de \u00f6nc\u00fc bir sistem sunuyoruz.<br>Tedavilerimiz, her bebe\u011fin anatomisine \u00f6zel olarak tasarlanm\u0131\u015f,<br>bilimsel verilerle desteklenen ve <strong>uzman hekim kontrol\u00fcnde uygulanan<\/strong> bireysel \u00e7\u00f6z\u00fcmler i\u00e7erir.<\/p>\n\n\n\n<hr class=\"wp-block-separator has-alpha-channel-opacity\"\/>\n\n\n\n<h3 class=\"wp-block-heading\">\ud83d\udcda <strong>\u00d6zetle<\/strong><\/h3>\n\n\n\n<ul class=\"wp-block-list\">\n<li><strong>Tedavi ba\u015far\u0131s\u0131:<\/strong> %90\u2019\u0131n \u00fczerinde d\u00fczeltme oran\u0131<\/li>\n\n\n\n<li><strong>En uygun ya\u015f:<\/strong> 4\u20137 ay<\/li>\n\n\n\n<li><strong>Tedavi s\u00fcresi:<\/strong> Ortalama 3\u20135 ay<\/li>\n\n\n\n<li><strong>Klinik altyap\u0131:<\/strong> 3D tarama + ki\u015fisel modelleme + medikal silikon i\u00e7 y\u00fczey<\/li>\n\n\n\n<li><strong>Yasal stat\u00fc:<\/strong> EUDAMED ve UTS kay\u0131tl\u0131 yerli \u00fcretim<\/li>\n<\/ul>\n\n\n\n<p><\/p>","protected":false},"excerpt":{"rendered":"<p>\ud83e\udde0 Bebeklerde Kask Tedavisi \u00dczerine Tart\u0131\u015fmalar Neden Bitmiyor? Craniowell HKM Pro Perspektifiyle Bilimsel Bir De\u011ferlendirme Bebeklerde d\u00fcz kafa \u015fekil bozukluklar\u0131n\u0131n (pozisyonel plajiyosefali ve brakisefali) tedavisi uzun y\u0131llard\u0131r hem T\u00fcrkiye\u2019de hem de uluslararas\u0131 alanda tart\u0131\u015fma konusudur.Baz\u0131 uzmanlar bu durumun yaln\u0131zca kozmetik bir sorun oldu\u011funu savunurken, di\u011ferleri \u2014 bizler gibi \u2014 bunu erken d\u00f6nemde y\u00f6nlendirilmesi gereken geli\u015fimsel [&hellip;]<\/p>","protected":false},"author":1,"featured_media":0,"comment_status":"open","ping_status":"open","sticky":false,"template":"","format":"standard","meta":{"_sitemap_exclude":false,"_sitemap_priority":"","_sitemap_frequency":"","footnotes":""},"categories":[10,9],"tags":[],"class_list":["post-1969","post","type-post","status-publish","format-standard","hentry","category-cranial-kask","category-craniowell-helmet"],"_links":{"self":[{"href":"https:\/\/www.craniowell.com\/en\/wp-json\/wp\/v2\/posts\/1969","targetHints":{"allow":["GET"]}}],"collection":[{"href":"https:\/\/www.craniowell.com\/en\/wp-json\/wp\/v2\/posts"}],"about":[{"href":"https:\/\/www.craniowell.com\/en\/wp-json\/wp\/v2\/types\/post"}],"author":[{"embeddable":true,"href":"https:\/\/www.craniowell.com\/en\/wp-json\/wp\/v2\/users\/1"}],"replies":[{"embeddable":true,"href":"https:\/\/www.craniowell.com\/en\/wp-json\/wp\/v2\/comments?post=1969"}],"version-history":[{"count":1,"href":"https:\/\/www.craniowell.com\/en\/wp-json\/wp\/v2\/posts\/1969\/revisions"}],"predecessor-version":[{"id":1970,"href":"https:\/\/www.craniowell.com\/en\/wp-json\/wp\/v2\/posts\/1969\/revisions\/1970"}],"wp:attachment":[{"href":"https:\/\/www.craniowell.com\/en\/wp-json\/wp\/v2\/media?parent=1969"}],"wp:term":[{"taxonomy":"category","embeddable":true,"href":"https:\/\/www.craniowell.com\/en\/wp-json\/wp\/v2\/categories?post=1969"},{"taxonomy":"post_tag","embeddable":true,"href":"https:\/\/www.craniowell.com\/en\/wp-json\/wp\/v2\/tags?post=1969"}],"curies":[{"name":"wp","href":"https:\/\/api.w.org\/{rel}","templated":true}]}}