{"id":1744,"date":"2025-10-24T13:19:48","date_gmt":"2025-10-24T13:19:48","guid":{"rendered":"https:\/\/www.craniowell.com\/?p=1744"},"modified":"2025-10-24T13:19:51","modified_gmt":"2025-10-24T13:19:51","slug":"bebekte-kranial-kask-kullanmanin-riskleri-nelerdir","status":"publish","type":"post","link":"https:\/\/www.craniowell.com\/en\/bebekte-kranial-kask-kullanmanin-riskleri-nelerdir\/","title":{"rendered":"Bebekte\u00a0Kranial Kask Kullanman\u0131n Riskleri Nelerdir?"},"content":{"rendered":"<p>Ebeveynler d\u00fcz kafa sendromu i\u00e7in kullan\u0131lan kasklarla ilgili potansiyel risk fakt\u00f6rleri konusunda genellikle endi\u015felidir. Anla\u015f\u0131l\u0131r bir \u015fekilde, bir\u00e7o\u011fu bize \u201cbebek kasklar\u0131n\u0131n kullan\u0131lmas\u0131yla ilgili riskler nelerdir?\u201d diye soruyor.&nbsp; Ayr\u0131ca \u201cbebe\u011fimin geli\u015fimi i\u00e7in tehlikeli \/ rahats\u0131z edici \/ zararl\u0131 m\u0131?\u201d sorular\u0131n\u0131 da s\u0131k olarak al\u0131yoruz.<\/p>\n\n\n\n<p>D\u00fcz kafa sendromu i\u00e7in olan kasklar (plagiosefali kasklar\u0131 olarak da bilinir), bebe\u011fin kafa \u015feklini nazik\u00e7e d\u00fczeltme y\u00f6ntemidir. Sadece orta ila \u015fiddetli vakalar ve 4-14 ayl\u0131k bebekler i\u00e7in \u00f6nerilir. Hafif vakalarda kask tedavisi \u00f6nerilmemelidir.&nbsp;<a href=\"https:\/\/www.craniowell.com\/en\/plagiosefali\/\">Plagiosefali hakk\u0131nda ayr\u0131nt\u0131l\u0131 bilgi almak i\u00e7in yaz\u0131m\u0131z\u0131 okuyabilirsiniz.<\/a><\/p>\n\n\n\n<p>Doktor tavsiyesi ve yine doktor g\u00f6zetiminde olacak \u015fekilde sayg\u0131n bir klinik se\u00e7meniz ko\u015fuluyla (takiplerinizi bir doktorun yapmas\u0131 \u00f6nemlidir); bu kasklar g\u00fcvenli, sorunsuz ve a\u011fr\u0131s\u0131z bir tedavidir ve bebe\u011finizin geli\u015fimi i\u00e7in kesinlikle hi\u00e7bir tehdit olu\u015fturmaz. Peki t\u00fcm bu soru i\u015faretleri nereden geliyor?<\/p>\n\n\n\n<h2 class=\"wp-block-heading\">Bebek Kasklar\u0131yla \u0130lgili \u0130ki Yayg\u0131n Yan\u0131lg\u0131<\/h2>\n\n\n\n<h4 class=\"wp-block-heading\">\u201cBebe\u011fime zarar verir mi?\u201d<\/h4>\n\n\n\n<p>Bir\u00e7ok ebeveyn, bebek kasklar\u0131n\u0131n b\u00fcy\u00fcmeyi k\u0131s\u0131tlayarak geli\u015fimsel sorunlara yol a\u00e7abilece\u011finden endi\u015fe duyuyor. Fakat durum hi\u00e7 de b\u00f6yle de\u011fil: kasklar, b\u00fcy\u00fcmenin normal bir h\u0131zda devam etmesine izin verecek \u015fekilde tasarlanm\u0131\u015ft\u0131r. D\u00fczeltmeyi sa\u011flamak i\u00e7in kask sayesinde b\u00fcy\u00fcme, bebe\u011fin ihtiya\u00e7 duydu\u011fu tarafa &nbsp;y\u00f6nlendirilir, bu da daha d\u00fczg\u00fcn bir kafa \u015fekli ile sonu\u00e7lan\u0131r.<\/p>\n\n\n\n<figure class=\"wp-block-image\"><img decoding=\"async\" src=\"https:\/\/www.craniowell.com\/wp-content\/uploads\/2015\/04\/treatment3-300x183.jpg\" alt=\"\" class=\"wp-image-1268\"\/><\/figure>\n\n\n\n<p>Pediatric Neurosurgery\u2019de (1999) yay\u0131nlanan bir \u00e7al\u0131\u015fma bunu do\u011frulamaktad\u0131r.<\/p>\n\n\n\n<p>Buna ek olarak, bebek kasklar\u0131 ve tedavi sa\u011flayan doktorlar da s\u0131k\u0131 d\u00fczenlemelere tabidir. Kullanm\u0131\u015f oldu\u011fumuz kasklar , Birle\u015fik Krall\u0131k t\u0131bbi \u00fcr\u00fcnler d\u00fczenleyicisi olan \u0130la\u00e7 ve Sa\u011fl\u0131k \u00dcr\u00fcnleri D\u00fczenleme Kurumu (MHRA) taraf\u0131ndan ki\u015fiye \u00f6zel, invaziv olmayan bir tedavi olarak kategorize edilmi\u015ftir. Yani hasta i\u00e7in \u00e7ok az risk te\u015fkil etti\u011fi d\u00fc\u015f\u00fcn\u00fcl\u00fcr ve buna g\u00f6re forseps, pansuman ve dizlik gibi di\u011fer ortez cihazlar\u0131 ile ayn\u0131 s\u0131n\u0131fa girerler.<\/p>\n\n\n\n<figure class=\"wp-block-image\"><img decoding=\"async\" src=\"https:\/\/www.craniowell.com\/wp-content\/uploads\/2021\/06\/talee_bg-300x168.jpg\" alt=\"\" class=\"wp-image-1255\"\/><\/figure>\n\n\n\n<h3 class=\"wp-block-heading\">\u201cBebe\u011fim rahats\u0131z olacak m\u0131?\u201d<\/h3>\n\n\n\n<p>\u0130yi oturan, do\u011fru yap\u0131lm\u0131\u015f bir kask; do\u011fru tak\u0131lm\u0131\u015f bir k\u0131r\u0131k veya kal\u00e7a deste\u011fi al\u00e7\u0131s\u0131ndan daha rahatt\u0131r ve \u00e7ok fazla sorun yaratmaz.<\/p>\n\n\n\n<p>Kask k\u0131sa s\u00fcreli\u011fine \u00e7\u0131kar\u0131labildi\u011fi i\u00e7in hafif cilt tahri\u015fi, terleme ve koku gibi sorunlar kolayca giderilir. Bebe\u011finizin banyo yapmas\u0131 ve oynamas\u0131 i\u00e7in k\u0131sa s\u00fcreler verilerek kask\u0131 kabul etme&nbsp; sorunlar\u0131 en aza indirilir.<\/p>\n\n\n\n<p>Kranio-Maksillofasiyal Cerrahi Dergisi\u2019nde (2012), Kask Tedavisinde Komplikasyonlar\u2019da daha \u00f6nceki bir \u00e7al\u0131\u015fma \u015fu sonuca var\u0131yor:<\/p>\n\n\n\n<p>\u201cKask tedavisi , pozisyonel kraniyal deformitenin d\u00fczeltilmesi i\u00e7in g\u00fcvenli bir tedavi arac\u0131d\u0131r.\u201d Ve: \u201cebeveynlerin talimatlara uymas\u0131 ile \u00e7o\u011fu komplikasyon kolayca \u00f6nlenebilir veya ortadan kald\u0131r\u0131labilir.\u201d<\/p>\n\n\n\n<h4 class=\"wp-block-heading\">Peki, bebek kask\u0131 kullanman\u0131n herhangi bir riski var m\u0131?<\/h4>\n\n\n\n<p>\u201cRisk var m\u0131?\u201d sorusuna yan\u0131t olarak cevab\u0131n \u201cbilgimiz dahilinde herhangi bir riski yok\u201d oldu\u011funu g\u00fcvenle s\u00f6yleyebiliriz. Bug\u00fcne kadar yap\u0131lan t\u00fcm ara\u015ft\u0131rmalar, bebek kasklar\u0131n\u0131n, kalifiye uygulay\u0131c\u0131lar taraf\u0131ndan doktor kontrol\u00fcnde do\u011fru \u015fekilde tak\u0131lmas\u0131 ve ebeveynlerin tedavi rejimlerini harfi harfine takip etmeleri ko\u015fuluyla, geli\u015fim i\u00e7in risk olu\u015fturmayan g\u00fcvenli ve a\u011fr\u0131s\u0131z bir tedavi oldu\u011funu g\u00f6stermektedir.<\/p>\n\n\n\n<p>Ebeveynlerin ya\u015fad\u0131\u011f\u0131 yan etkiler ve komplikasyonlar klinik ve ev ortam\u0131nda minimal ve nadirdir ve kesinlikle ebeveynleri bu t\u00fcr bir tedaviyi d\u00fc\u015f\u00fcnmekten cayd\u0131rmamal\u0131d\u0131r.<\/p>\n\n\n\n<p>Ge\u00e7 kal\u0131nmas\u0131 halinde yani bebek do\u011fduktan sonra 14 ay geride kald\u0131\u011f\u0131nda sadece cerrahi ile d\u00fczeltilebilecek olan bir deformitesi olacak ve bu durum ile \u00f6m\u00fcr boyu y\u00fczle\u015fmek zorunda kalacak. \u00d6zellikle akran zorbal\u0131\u011f\u0131 ve \u00f6zsayg\u0131 yitimi \u00e7ocukluk ve ergenlik d\u00f6neminin en b\u00fcy\u00fck problemi haline gelecek. Daha b\u00fcy\u00fck \u00e7ocuklar\u0131n ebeveynlerinden ve \u015fimdi gen\u00e7 yeti\u015fkinlerden d\u00fczenli olarak yard\u0131m edip edemeyece\u011fimizi soran sorular al\u0131yoruz.<\/p>\n\n\n\n<p>Bebe\u011finizin d\u00fcz kafa sendromu i\u00e7in bir kasktan fayda g\u00f6rebilece\u011fini d\u00fc\u015f\u00fcn\u00fcyorsan\u0131z, ge\u00e7 kalmadan bu konuyla ilgilenen klini\u011fimize ba\u015fvurabilirsiniz.<\/p>\n\n\n\n<figure class=\"wp-block-image aligncenter\"><img decoding=\"async\" src=\"https:\/\/www.craniowell.com\/wp-content\/uploads\/2025\/02\/Bebek-kafa-sekil-bozuklugu-kask-tedavisi-600x300.png\" alt=\"Bebeklerde kafa \u015fekil bozukluklar\u0131n\u0131 d\u00fczeltmek i\u00e7in kullan\u0131lan ortotik kask tedavisini g\u00f6steren g\u00f6rsel. Plagiosefali, brakiosefali ve skafosefali gibi deformasyonlar\u0131n d\u00fczeltilmesine yard\u0131mc\u0131 olan kask tedavisinin nas\u0131l uyguland\u0131\u011f\u0131n\u0131 anlatan t\u0131bbi ill\u00fcstrasyon.\" class=\"wp-image-3137\"\/><\/figure>","protected":false},"excerpt":{"rendered":"<p>Ebeveynler d\u00fcz kafa sendromu i\u00e7in kullan\u0131lan kasklarla ilgili potansiyel risk fakt\u00f6rleri konusunda genellikle endi\u015felidir. Anla\u015f\u0131l\u0131r bir \u015fekilde, bir\u00e7o\u011fu bize \u201cbebek kasklar\u0131n\u0131n kullan\u0131lmas\u0131yla ilgili riskler nelerdir?\u201d diye soruyor.&nbsp; Ayr\u0131ca \u201cbebe\u011fimin geli\u015fimi i\u00e7in tehlikeli \/ rahats\u0131z edici \/ zararl\u0131 m\u0131?\u201d sorular\u0131n\u0131 da s\u0131k olarak al\u0131yoruz. D\u00fcz kafa sendromu i\u00e7in olan kasklar (plagiosefali kasklar\u0131 olarak da bilinir), bebe\u011fin [&hellip;]<\/p>","protected":false},"author":1,"featured_media":0,"comment_status":"open","ping_status":"open","sticky":false,"template":"","format":"standard","meta":{"_sitemap_exclude":false,"_sitemap_priority":"","_sitemap_frequency":"","footnotes":""},"categories":[1],"tags":[66,67],"class_list":["post-1744","post","type-post","status-publish","format-standard","hentry","category-uncategorized","tag-bebek-kafa-sekillendirici-kask-fiyatlari","tag-kraniyal-kask-riskleri"],"_links":{"self":[{"href":"https:\/\/www.craniowell.com\/en\/wp-json\/wp\/v2\/posts\/1744","targetHints":{"allow":["GET"]}}],"collection":[{"href":"https:\/\/www.craniowell.com\/en\/wp-json\/wp\/v2\/posts"}],"about":[{"href":"https:\/\/www.craniowell.com\/en\/wp-json\/wp\/v2\/types\/post"}],"author":[{"embeddable":true,"href":"https:\/\/www.craniowell.com\/en\/wp-json\/wp\/v2\/users\/1"}],"replies":[{"embeddable":true,"href":"https:\/\/www.craniowell.com\/en\/wp-json\/wp\/v2\/comments?post=1744"}],"version-history":[{"count":2,"href":"https:\/\/www.craniowell.com\/en\/wp-json\/wp\/v2\/posts\/1744\/revisions"}],"predecessor-version":[{"id":2287,"href":"https:\/\/www.craniowell.com\/en\/wp-json\/wp\/v2\/posts\/1744\/revisions\/2287"}],"wp:attachment":[{"href":"https:\/\/www.craniowell.com\/en\/wp-json\/wp\/v2\/media?parent=1744"}],"wp:term":[{"taxonomy":"category","embeddable":true,"href":"https:\/\/www.craniowell.com\/en\/wp-json\/wp\/v2\/categories?post=1744"},{"taxonomy":"post_tag","embeddable":true,"href":"https:\/\/www.craniowell.com\/en\/wp-json\/wp\/v2\/tags?post=1744"}],"curies":[{"name":"wp","href":"https:\/\/api.w.org\/{rel}","templated":true}]}}