{"id":1739,"date":"2025-10-24T13:15:25","date_gmt":"2025-10-24T13:15:25","guid":{"rendered":"https:\/\/www.craniowell.com\/?p=1739"},"modified":"2025-10-24T13:15:29","modified_gmt":"2025-10-24T13:15:29","slug":"bebeginiz-icin-kask-tedavisi-sik-sorulan-sorular","status":"publish","type":"post","link":"https:\/\/www.craniowell.com\/en\/bebeginiz-icin-kask-tedavisi-sik-sorulan-sorular\/","title":{"rendered":"Bebe\u011finiz \u0130\u00e7in Kask Tedavisi S\u0131k Sorulan Sorular"},"content":{"rendered":"<p>Kask tedavisi, bebeklerin kafataslar\u0131n\u0131n \u015feklini zamanla nazik\u00e7e d\u00fczeltmek i\u00e7in kullan\u0131l\u0131r. Yenido\u011fan bebeklerin kafataslar\u0131, kemikler ve kemiklerin aras\u0131ndaki bo\u015flu\u011fu dolduran yumu\u015fak plakalardan olu\u015fur. Bebek b\u00fcy\u00fcd\u00fck\u00e7e bu plakalar b\u00fcy\u00fcr, yava\u015f yava\u015f sertle\u015fir ve birbirine \u00f6r\u00fcl\u00fcr.<\/p>\n\n\n\n<p>Bazen bir bebek ayn\u0131 pozisyonda uyurken, yumu\u015fak plakalar d\u00fcz bir nokta veya d\u00fczensiz bir g\u00f6r\u00fcn\u00fcm geli\u015ftirebilir. Bu yayg\u0131n duruma plajiyosefali denir ve bebe\u011finizin beyni i\u00e7in tehlikeli de\u011fildir. Durum kendi kendine d\u00fczelmezse, \u00e7ocuk doktorunuz yeniden konumland\u0131rma, egzersizler veya kask tedavisi \u00f6nerebilir.<\/p>\n\n\n\n<p>Bazen de, bebe\u011fin kafatas\u0131n\u0131n plakalar\u0131 \u00e7ok erken veya anormal bir \u015fekilde kayna\u015f\u0131r. Bu durum kraniyosinostoz olarak adland\u0131r\u0131l\u0131r ve kafa \u015feklini d\u00fczeltmek i\u00e7in kaskl\u0131 veya kasks\u0131z cerrahi tedavi gerektirebilir.<\/p>\n\n\n\n<ul class=\"wp-block-list\">\n<li><a href=\"https:\/\/www.craniowell.com\/en\/bebek-kask-tedavisi-sik-sorulan-sorular\/#Kask_takmak_cocugumun_kafasini_nasil_duzeltir\">Kask takmak \u00e7ocu\u011fumun kafas\u0131n\u0131 nas\u0131l d\u00fczeltir?<\/a><\/li>\n\n\n\n<li><a href=\"https:\/\/www.craniowell.com\/en\/bebek-kask-tedavisi-sik-sorulan-sorular\/#Cocugum_kask_tedavisine_aday_mi\">\u00c7ocu\u011fum kask tedavisine aday m\u0131?<\/a><\/li>\n\n\n\n<li><a href=\"https:\/\/www.craniowell.com\/en\/bebek-kask-tedavisi-sik-sorulan-sorular\/#Sigortalar_bebeklerde_kask_tedavisi_ucretini_oduyor_mu\">Sigortalar bebeklerde kask tedavisi \u00fccretini \u00f6d\u00fcyor mu?<\/a><\/li>\n\n\n\n<li><a href=\"https:\/\/www.craniowell.com\/en\/bebek-kask-tedavisi-sik-sorulan-sorular\/#Bebek_kask_fiyatlari_neden_farklidir\">Bebek kask fiyatlar\u0131 neden farkl\u0131d\u0131r?<\/a><\/li>\n\n\n\n<li><a href=\"https:\/\/www.craniowell.com\/en\/bebek-kask-tedavisi-sik-sorulan-sorular\/#Her_deformitede_kafa_sekil_bozuklugu_kask_fiyatlari_ayni_midir\">Her deformitede kafa \u015fekil bozuklu\u011fu kask fiyatlar\u0131 ayn\u0131 m\u0131d\u0131r?<\/a><\/li>\n\n\n\n<li><a href=\"https:\/\/www.craniowell.com\/en\/bebek-kask-tedavisi-sik-sorulan-sorular\/#Cocugumun_tum_gun_kask_takmasi_gerekiyor_mu\">\u00c7ocu\u011fumun t\u00fcm g\u00fcn kask takmas\u0131 gerekiyor mu?<\/a><\/li>\n\n\n\n<li><a href=\"https:\/\/www.craniowell.com\/en\/bebek-kask-tedavisi-sik-sorulan-sorular\/#Cocugum_ne_kadar_sure_kask_takacak\">\u00c7ocu\u011fum ne kadar s\u00fcre kask takacak?<\/a><\/li>\n\n\n\n<li><a href=\"https:\/\/www.craniowell.com\/en\/bebek-kask-tedavisi-sik-sorulan-sorular\/#Cocugum_kask_tedavisi_gorurken_doktoru_ne_siklikla_gormem_gerekecek\">\u00c7ocu\u011fum kask tedavisi g\u00f6r\u00fcrken doktoru ne s\u0131kl\u0131kla g\u00f6rmem gerekecek?<\/a><\/li>\n\n\n\n<li><a href=\"https:\/\/www.craniowell.com\/en\/bebek-kask-tedavisi-sik-sorulan-sorular\/#Bebeginizin_Kafa_Seklini_Degerlendirelim_%E2%80%93_On_Analiz_Icin_Basvurun\">Bebe\u011finizin Kafa \u015eeklini De\u011ferlendirelim \u2013\u00a0 \u00d6n Analiz \u0130\u00e7in Ba\u015fvurun<\/a><\/li>\n<\/ul>\n\n\n\n<h2 class=\"wp-block-heading\">Kask takmak \u00e7ocu\u011fumun kafas\u0131n\u0131 nas\u0131l d\u00fczeltir?<\/h2>\n\n\n\n<p>Kranial yeniden kal\u0131plama kasklar\u0131 genellikle k\u00f6p\u00fck astarl\u0131 sert bir d\u0131\u015f kabuktan yap\u0131l\u0131r. Bebe\u011fin ba\u015f\u0131n\u0131n do\u011fal b\u00fcy\u00fcmesini yakalamak i\u00e7in yumu\u015fak, kal\u0131c\u0131 bask\u0131lar uygulan\u0131rken, belirgin alanlarda b\u00fcy\u00fcmeyi engeller ve d\u00fcz b\u00f6lgelerde b\u00fcy\u00fcmeye izin verir. Bebek kafa \u015fekillendirici kask kullananlar kak tedavisi \u00f6zellikle ilk 6 ay i\u00e7inde ba\u015fland\u0131\u011f\u0131nda ba\u015far\u0131 oran\u0131n\u0131n h\u0131z\u0131ndan etkilenirler.<\/p>\n\n\n\n<p>Bebe\u011finizin kafas\u0131 b\u00fcy\u00fcd\u00fck\u00e7e s\u0131k s\u0131k ayarlama yap\u0131l\u0131r. Kask esasen ba\u015f\u0131n b\u00fcy\u00fcmesi i\u00e7in s\u0131k\u0131, yuvarlak bir alan sa\u011flar. \u00c7ocu\u011funuz ba\u015f\u0131n\u0131 bir tarafa yaslamaya devam etse bile, kask ba\u015f\u0131n\u0131n daha fazla d\u00fczle\u015fmesini \u00f6nlemek i\u00e7in bir yast\u0131klama sa\u011flayacakt\u0131r.<\/p>\n\n\n\n<figure class=\"wp-block-image\"><img decoding=\"async\" src=\"https:\/\/www.craniowell.com\/wp-content\/uploads\/2021\/07\/heads1-300x230.png\" alt=\"bebek kafa \u015fekil bozuklu\u011fu tedavi merkezi\" class=\"wp-image-1325\"\/><\/figure>\n\n\n\n<h2 class=\"wp-block-heading\">\u00c7ocu\u011fum kask tedavisine aday m\u0131?<\/h2>\n\n\n\n<p>\u00c7ocu\u011funuza deformasyonel plajiyosefali , brakisefali veya skafosefali te\u015fhisi konulursa ve 12 ayl\u0131ktan k\u00fc\u00e7\u00fckse, bebe\u011fin kafas\u0131n\u0131n \u015feklini d\u00fczeltmek i\u00e7in kraniyal yeniden \u015fekillendirme kasklar\u0131 \u00f6nerilebilir. Kask,&nbsp; bir doktor taraf\u0131ndan re\u00e7ete edilmelidir. T\u00fcm bebeklerin kask tedavisi i\u00e7in uygun adaylar olmad\u0131\u011f\u0131n\u0131 unutmamak \u00f6nemlidir ve bunu doktorunuzla g\u00f6r\u00fc\u015fmeniz \u00f6nemlidir.<\/p>\n\n\n\n<p>Ek olarak, kraniyosinostozu d\u00fczeltmek i\u00e7in endoskopi yap\u0131lan \u00e7ocuklara, kafa \u015feklini daha da d\u00fczeltmek i\u00e7in ameliyattan sonra s\u0131kl\u0131kla kask tedavisi verilecektir.<\/p>\n\n\n\n<figure class=\"wp-block-image\"><img decoding=\"async\" src=\"https:\/\/www.craniowell.com\/wp-content\/uploads\/2021\/07\/1-1-300x240.jpg\" alt=\"\" class=\"wp-image-1348\"\/><\/figure>\n\n\n\n<h2 class=\"wp-block-heading\">Sigortalar bebeklerde kask tedavisi \u00fccretini \u00f6d\u00fcyor mu?<\/h2>\n\n\n\n<p>SGK, g\u00fcn\u00fcm\u00fczde bebek kask \u00fccretlerini \u00f6dememektedir. Baz\u0131 \u00f6zel sa\u011fl\u0131k sigortalar\u0131 kask tedavisini kar\u015f\u0131lamaktad\u0131r.<\/p>\n\n\n\n<h3 class=\"wp-block-heading\">Bebek kask fiyatlar\u0131 neden farkl\u0131d\u0131r?<\/h3>\n\n\n\n<p>Bebek Kask Fiyatlar\u0131 \u00fclkemizde de\u011fi\u015fkenlik g\u00f6stermektedir. Kullan\u0131lan materyalin \u00f6zelli\u011fine g\u00f6re kask fiyatlar\u0131 de\u011fi\u015fkenlik g\u00f6stermektedir.<\/p>\n\n\n\n<h3 class=\"wp-block-heading\">Her deformitede kafa \u015fekil bozuklu\u011fu kask fiyatlar\u0131 ayn\u0131 m\u0131d\u0131r?<\/h3>\n\n\n\n<p>Genellikle belirlenmi\u015ftir ve kafan\u0131n \u015fekil bozuklu\u011fu derecesine g\u00f6re farkl\u0131 bir fiyat uygulanmamaktad\u0131r. Kask tedavileri g\u00fcn\u00fcm\u00fczde tek kaskla bitirildi\u011fi i\u00e7in, tek bir \u00fccret \u00f6dersiniz.<\/p>\n\n\n\n<h3 class=\"wp-block-heading\">\u00c7ocu\u011fumun t\u00fcm g\u00fcn kask takmas\u0131 gerekiyor mu?<\/h3>\n\n\n\n<p>Evet. Kask\u0131n arkas\u0131ndaki fikir, g\u00fcnde 23 saat giyilmesidir.<\/p>\n\n\n\n<p>Banyo s\u0131ras\u0131nda \u00e7\u0131kar\u0131labilir. Di\u011fer zamanlarda bebe\u011finiz oyun oynarken, uyurken veya beslenirken s\u00fcrekli kask i\u00e7inde olmal\u0131d\u0131r. Bebe\u011finizin geli\u015fim aylar\u0131n\u0131 kask takarak ge\u00e7irdi\u011fini d\u00fc\u015f\u00fcnd\u00fc\u011f\u00fcn\u00fczde, bunu bir ebeveyn olarak duymak \u015fok edici olabilir. Vurgulamaktan ho\u015fland\u0131\u011f\u0131m\u0131z bir \u015fey, kask\u0131n genellikle bebek i\u00e7in rahats\u0131z edici olmad\u0131\u011f\u0131 ve aktivitelerini k\u0131s\u0131tlamad\u0131\u011f\u0131d\u0131r.<\/p>\n\n\n\n<figure class=\"wp-block-image\"><img decoding=\"async\" src=\"https:\/\/www.craniowell.com\/wp-content\/uploads\/2021\/07\/kask-tedavisinde-23-saat.png\" alt=\"bebek kask\u0131 ka\u00e7 saat takmal\u0131d\u0131r\" class=\"wp-image-1592\"\/><\/figure>\n\n\n\n<h3 class=\"wp-block-heading\">\u00c7ocu\u011fum ne kadar s\u00fcre kask takacak?<\/h3>\n\n\n\n<p>Bir kaskla ortalama tedavi genellikle \u00fc\u00e7&nbsp; -d\u00f6rt ayd\u0131r, ancak tedavi s\u00fcresi \u00e7ocu\u011funuzun ya\u015f\u0131na ve durumun ciddiyetine ba\u011fl\u0131 olarak de\u011fi\u015febilir. Kafatas\u0131n\u0131n do\u011fru \u015fekilde yeniden \u015fekillendi\u011finden emin olmak i\u00e7in dikkatli ve s\u0131k izleme gereklidir.<\/p>\n\n\n\n<h3 class=\"wp-block-heading\">\u00c7ocu\u011fum kask tedavisi g\u00f6r\u00fcrken doktoru ne s\u0131kl\u0131kla g\u00f6rmem gerekecek?<\/h3>\n\n\n\n<p>Takip ziyaretlerinin s\u0131kl\u0131\u011f\u0131 bebe\u011finizin durumunun ciddiyetine ba\u011fl\u0131d\u0131r. Genellikler kask tak\u0131ld\u0131ktan sonra kontrol takvimi a\u015fa\u011f\u0131daki gibi olmaktad\u0131r.<\/p>\n\n\n\n<ul class=\"wp-block-list\">\n<li>14. g\u00fcn\u00a0 \u00a0ilk kontrol<\/li>\n\n\n\n<li>45. g\u00fcn\u00a0 ikinci kontol<\/li>\n\n\n\n<li>90.g\u00fcn \u00fc\u00e7\u00fcnc\u00fc kontrol<\/li>\n\n\n\n<li>135. g\u00fcn d\u00f6rd\u00fcnc\u00fc kontrol<\/li>\n<\/ul>\n\n\n\n<p>Bebe\u011finize kal\u0131pl\u0131 bir kask tak\u0131l\u0131rken ve ayarlamalar yap\u0131l\u0131rken, kask\u0131 uygulayan doktora birka\u00e7 d\u00fczenli ziyarette bulunacaks\u0131n\u0131z. Yukar\u0131daki kask tak\u0131lm\u0131\u015f bebek kontrol zamanlamalar\u0131 deformitenin \u015fiddetine g\u00f6re de de\u011fi\u015fkenlik g\u00f6sterebilmektedir.<\/p>\n\n\n\n<figure class=\"wp-block-image aligncenter\"><img decoding=\"async\" src=\"https:\/\/www.craniowell.com\/wp-content\/uploads\/2025\/02\/Bebek-kafa-sekil-bozuklugu-kask-tedavisi-600x300.png\" alt=\"Bebeklerde kafa \u015fekil bozukluklar\u0131n\u0131 d\u00fczeltmek i\u00e7in kullan\u0131lan ortotik kask tedavisini g\u00f6steren g\u00f6rsel. Plagiosefali, brakiosefali ve skafosefali gibi deformasyonlar\u0131n d\u00fczeltilmesine yard\u0131mc\u0131 olan kask tedavisinin nas\u0131l uyguland\u0131\u011f\u0131n\u0131 anlatan t\u0131bbi ill\u00fcstrasyon.\" class=\"wp-image-3137\"\/><\/figure>","protected":false},"excerpt":{"rendered":"<p>Kask tedavisi, bebeklerin kafataslar\u0131n\u0131n \u015feklini zamanla nazik\u00e7e d\u00fczeltmek i\u00e7in kullan\u0131l\u0131r. Yenido\u011fan bebeklerin kafataslar\u0131, kemikler ve kemiklerin aras\u0131ndaki bo\u015flu\u011fu dolduran yumu\u015fak plakalardan olu\u015fur. Bebek b\u00fcy\u00fcd\u00fck\u00e7e bu plakalar b\u00fcy\u00fcr, yava\u015f yava\u015f sertle\u015fir ve birbirine \u00f6r\u00fcl\u00fcr. Bazen bir bebek ayn\u0131 pozisyonda uyurken, yumu\u015fak plakalar d\u00fcz bir nokta veya d\u00fczensiz bir g\u00f6r\u00fcn\u00fcm geli\u015ftirebilir. Bu yayg\u0131n duruma plajiyosefali denir ve [&hellip;]<\/p>","protected":false},"author":1,"featured_media":0,"comment_status":"open","ping_status":"open","sticky":false,"template":"","format":"standard","meta":{"_sitemap_exclude":false,"_sitemap_priority":"","_sitemap_frequency":"","footnotes":""},"categories":[1],"tags":[19],"class_list":["post-1739","post","type-post","status-publish","format-standard","hentry","category-uncategorized","tag-kask-tedavisi-fiyatlari"],"_links":{"self":[{"href":"https:\/\/www.craniowell.com\/en\/wp-json\/wp\/v2\/posts\/1739","targetHints":{"allow":["GET"]}}],"collection":[{"href":"https:\/\/www.craniowell.com\/en\/wp-json\/wp\/v2\/posts"}],"about":[{"href":"https:\/\/www.craniowell.com\/en\/wp-json\/wp\/v2\/types\/post"}],"author":[{"embeddable":true,"href":"https:\/\/www.craniowell.com\/en\/wp-json\/wp\/v2\/users\/1"}],"replies":[{"embeddable":true,"href":"https:\/\/www.craniowell.com\/en\/wp-json\/wp\/v2\/comments?post=1739"}],"version-history":[{"count":2,"href":"https:\/\/www.craniowell.com\/en\/wp-json\/wp\/v2\/posts\/1739\/revisions"}],"predecessor-version":[{"id":2289,"href":"https:\/\/www.craniowell.com\/en\/wp-json\/wp\/v2\/posts\/1739\/revisions\/2289"}],"wp:attachment":[{"href":"https:\/\/www.craniowell.com\/en\/wp-json\/wp\/v2\/media?parent=1739"}],"wp:term":[{"taxonomy":"category","embeddable":true,"href":"https:\/\/www.craniowell.com\/en\/wp-json\/wp\/v2\/categories?post=1739"},{"taxonomy":"post_tag","embeddable":true,"href":"https:\/\/www.craniowell.com\/en\/wp-json\/wp\/v2\/tags?post=1739"}],"curies":[{"name":"wp","href":"https:\/\/api.w.org\/{rel}","templated":true}]}}