{"id":1729,"date":"2025-10-24T13:08:44","date_gmt":"2025-10-24T13:08:44","guid":{"rendered":"https:\/\/www.craniowell.com\/?p=1729"},"modified":"2025-11-26T06:43:53","modified_gmt":"2025-11-26T06:43:53","slug":"duz-kafa-sendromunun-tanimlanmasi-secin-duz-kafa-sendromunun-tanimlanmasi","status":"publish","type":"post","link":"https:\/\/www.craniowell.com\/en\/duz-kafa-sendromunun-tanimlanmasi-secin-duz-kafa-sendromunun-tanimlanmasi\/","title":{"rendered":"D\u00fcz Kafa Sendromunun Tan\u0131mlanmas\u0131 se\u00e7in D\u00fcz Kafa Sendromunun Tan\u0131mlanmas\u0131"},"content":{"rendered":"<p>D\u00fcz kafa sendromu, ba\u015f\u0131n arkas\u0131nda veya yan\u0131nda kafa \u015feklinde bir d\u00fczensizlik olarak kendini g\u00f6sterir. Ebeveynler genellikle sekiz haftal\u0131k bebeklerde d\u00fcz bir kafa fark ederler, bebeklerinin ba\u015f\u0131n\u0131n biraz geni\u015f oldu\u011funu, kula\u011f\u0131n bir yandan \u00f6ne do\u011fru itildi\u011fini veya ka\u015f\u0131n\u0131n daha belirgin oldu\u011funu fark ederler. Durum, bebe\u011fin sahip oldu\u011fu d\u00fcz kafa sendromunun tipine ba\u011fl\u0131 olarak bebe\u011fin kafas\u0131n\u0131n asimetrik veya deforme g\u00f6r\u00fcnmesine neden olabilir. Bu bazen \u2018bebklerde d\u00fcz kafa\u2019 olarak aran\u0131r ama asl\u0131nda&nbsp;<strong>d\u00fcz kafa sendromu<\/strong>&nbsp;olan bir bebektir.<\/p>\n\n\n\n<p>Bir bebe\u011fin kafatas\u0131 kemikleri (s\u00fct\u00fcrleri) \u00e7ocukluk \u00e7a\u011f\u0131na kadar tam olarak kayna\u015fmad\u0131\u011f\u0131 i\u00e7in kemikleri yumu\u015fakt\u0131r ve bu nedenle \u00f6zellikle do\u011fduklar\u0131nda ayn\u0131 pozisyonda yatarlarsa \u015fekil de\u011fi\u015ftirebilirler. Ya da erken do\u011fum kanal\u0131na inen veya anne karn\u0131nda sabit bir pozisyonda kalan bebeklerde kafaya herhangi bir bask\u0131 uygulanmas\u0131 bu bask\u0131lar\u0131n oldu\u011fu yerde kafa \u015feklinin d\u00fczle\u015fmesine neden olabilir.<\/p>\n\n\n\n<p>\u201cBebeklerde d\u00fcz kafa \u201d i\u00e7in daha ayr\u0131nt\u0131l\u0131 bilgi istiyorsan,&nbsp;<a href=\"https:\/\/www.craniowell.com\/en\/duz-kafa-sendromu\/\">d\u00fcz kafa sendromu nedir&nbsp;<\/a>, adl\u0131 bilgilendirici blog yaz\u0131m\u0131z\u0131 okuyabilirsiniz.<\/p>\n\n\n\n<h2 class=\"wp-block-heading\" id=\"types\"><strong>D\u00fcz Kafa Sendromu T\u00fcrleri<\/strong><\/h2>\n\n\n\n<p>Bas\u0131nc\u0131n nereye uyguland\u0131\u011f\u0131na ve bunun sonucunda kafan\u0131n \u015fekline ba\u011fl\u0131 olarak bir\u00e7ok farkl\u0131 d\u00fcz kafa sendromu t\u00fcr\u00fc vard\u0131r.<\/p>\n\n\n\n<p>D\u00fcz kafa sendromunun d\u00f6rt ana kategorisi vard\u0131r, a\u015fa\u011f\u0131da ebeveynlerin kolayca tan\u0131mlayabilmeleri i\u00e7in her birinin a\u00e7\u0131klamas\u0131yla birlikte bir liste verilmi\u015ftir:<\/p>\n\n\n\n<ul class=\"wp-block-list\">\n<li><a href=\"https:\/\/www.craniowell.com\/en\/plagiosefali\/\"><strong>Plagiosefali<\/strong>\u00a0<\/a><\/li>\n<\/ul>\n\n\n\n<p>D\u00fcz kafa sendromunun en yayg\u0131n t\u00fcr\u00fc olan plajiyosefali ile \u201cbebe\u011fimin kafas\u0131n\u0131n bir taraf\u0131 d\u00fcz\u201d diye d\u00fc\u015f\u00fcnm\u00fc\u015f olabilirsiniz. Genellikle ba\u015f\u0131n yan ve arkas\u0131na do\u011fru d\u00fczle\u015fme olarak tan\u0131mlan\u0131r, yukar\u0131dan bak\u0131ld\u0131\u011f\u0131nda ba\u015f\u0131n asimetrik g\u00f6r\u00fcnmesine neden olur. Ebeveynlerin fark edebilece\u011fi bir di\u011fer \u00f6nemli \u00f6zellik, bebeklerinin kulaklar\u0131n\u0131n hizal\u0131 olmayabilece\u011fi ve d\u00fczle\u015fmi\u015f tarafta&nbsp; yanak ve ka\u015f\u0131n \u00f6ne do\u011fru itilmi\u015f olmas\u0131d\u0131r.<\/p>\n\n\n\n<ul class=\"wp-block-list\">\n<li><a href=\"https:\/\/www.craniowell.com\/en\/brakisefali\/\"><strong>Brakisefali<\/strong><\/a><\/li>\n<\/ul>\n\n\n\n<p>Ebeveynler taraf\u0131ndan s\u0131kl\u0131kla \u201cbebe\u011fimin ba\u015f\u0131n\u0131n arkas\u0131 d\u00fcz, bu ne anlama geliyor?\u201d diye soruluyor ve \u00e7o\u011fu zaman bebeklerinin brakisefalik kafa \u015fekline sahip oldu\u011fu anlam\u0131na geliyor. Brakisefali, genellikle kafas\u0131n\u0131n arkas\u0131 boyunca \u00e7ok d\u00fcz olabilen geni\u015f bir kafa \u015fekli olarak karakterize edilir. Ayr\u0131ca kafa arkada \u00e7ok dik olabilir ve baz\u0131 durumlarda al\u0131n \u00e7ok belirgin olabilir.<\/p>\n\n\n\n<ul class=\"wp-block-list\">\n<li><strong>Scaphocephaly<\/strong>\u00a0 \u00a0<\/li>\n<\/ul>\n\n\n\n<p>Bu, bazen Dolichocephaly&nbsp; olarak adland\u0131r\u0131lan uzun, ince bir kafa \u015feklidir. Dikkate de\u011fer bir \u00f6zellik, ebeveynlerinin&nbsp; fark edebilece\u011fi, bebeklerinin kulaklar\u0131n\u0131n hizal\u0131 olmayabilece\u011fidir.<\/p>\n\n\n\n<ul class=\"wp-block-list\">\n<li><strong>Normosefali<\/strong><\/li>\n<\/ul>\n\n\n\n<p>Bu, kafa geni\u015fli\u011fi uzunlu\u011funun %78-83\u2019\u00fc aras\u0131nda ve diyagonal simetrisi 6 mm\u2019den az olan bir bebek olarak tan\u0131mlanan normal bir kafa \u015feklidir. Ba\u015f\u0131n \u00fcst\u00fcnden bak\u0131ld\u0131\u011f\u0131nda, bir yumurta \u015feklini and\u0131rabilir. Ve normal olarak kabul edilir.<\/p>\n\n\n\n<p>Genellikle bebekler bize brakisefali ve plajiyosefali kombinasyonu ile getirilir, ancak bazen skafosefali ve plajiyosefali kombinasyonunu da g\u00f6r\u00fcyoruz. Bu, bir bebe\u011fin iki tip d\u00fcz kafa sendromuna sahip oldu\u011fu anlam\u0131na gelmez; sadece d\u00fczle\u015fmenin konumunu tan\u0131mlar. Baz\u0131 ara\u015ft\u0131rmac\u0131lar, bu iki farkl\u0131 deformite t\u00fcr\u00fcn\u00fc kar\u0131\u015ft\u0131rarak onlar\u0131 tek bir \u2018d\u00fcz kafa sendromu\u2019 \u015femsiyesi alt\u0131nda bir araya getirme e\u011filimindedir.<\/p>\n\n\n\n<p>Bununla birlikte, tedavi s\u00f6z konusu oldu\u011funda (daha sonra tart\u0131\u015f\u0131lacakt\u0131r) bu sorunlu olabilir, \u00e7\u00fcnk\u00fc nereden ba\u015flad\u0131\u011f\u0131n\u0131zdan emin de\u011filseniz, daha sonra kafan\u0131n nerede b\u00fcy\u00fcmesine izin verece\u011finizi tam olarak bilmek imkans\u0131zd\u0131r. CranioWell\u2019de, tedavi s\u0131ras\u0131nda ba\u015f\u0131n tam olarak nerede b\u00fcy\u00fcmesine izin verece\u011fimizi bilmek i\u00e7in her bir kafa \u015feklini her zaman \u00f6l\u00e7eriz.<\/p>\n\n\n\n<p><a href=\"https:\/\/www.craniowell.com\/en\/duz-kafa-sendromu\/\">D\u00fcz kafa sendromunun farkl\u0131 t\u00fcrleri&nbsp;<\/a>hakk\u0131nda daha detayl\u0131 bilgi i\u00e7in&nbsp;l\u00fctfen makalemize g\u00f6z at\u0131n.<\/p>\n\n\n\n<p>D\u00fcz kafa sendromunun t\u00fcrleri olarak s\u0131kl\u0131kla kar\u0131\u015ft\u0131r\u0131lan kafa \u015fekli deformiteleri ve ko\u015fullar\u0131 da vard\u0131r. Kraniosinostoz, kliniklerimizde sorulan nadir bir durumdur.&nbsp;<a href=\"https:\/\/www.craniowell.com\/en\/kraniosinostoz\/\">Kraniyosinostoz<\/a>&nbsp;yaz\u0131m\u0131zda bu konu&nbsp;hakk\u0131nda daha fazla bilgi bulabilirsiniz&nbsp;.<\/p>\n\n\n\n<h2 class=\"wp-block-heading\" id=\"causes\"><strong>D\u00fcz Kafa Sendromunun Nedenleri Nelerdir?<\/strong><\/h2>\n\n\n\n<p>Peki, bir bebe\u011fin d\u00fcz bir kafas\u0131na sahip olmas\u0131n\u0131n nedeni nedir? D\u00fcz kafa sendromuna neden olan bir ka\u00e7 neden vard\u0131r:<\/p>\n\n\n\n<p><strong>1. Tummy \u2013 Time Aktivitesinin K\u0131s\u0131tl\u0131 Yap\u0131lmas\u0131<\/strong><\/p>\n\n\n\n<p>G\u00f6zetimsiz uyurken s\u0131rt \u00fcst\u00fc ge\u00e7irdikleri zaman\u0131 dengelemenin bir yolu olarak,&nbsp;<a href=\"https:\/\/www.doktoryasar.com\/tummy-time\/\" target=\"_blank\" rel=\"noreferrer noopener nofollow\">kar\u0131n zaman\u0131<\/a>&nbsp;, t\u00fcm zaman\u0131n s\u0131rt \u00fcst\u00fc ge\u00e7irmelerinin azaltman\u0131n harika bir yoludur; Bu s\u00fcre zarf\u0131nda uyan\u0131k oldu\u011funuzdan ve bebe\u011finizi izledi\u011finizden emin olun. Kar\u0131n zaman\u0131, bebe\u011fin s\u0131rt\u00fcst\u00fc ve y\u00fcz\u00fcst\u00fc yat\u0131\u015f zaman y\u00fczdesini e\u015fitlemeye \u00e7al\u0131\u015fman\u0131n bir yolu olarak kullan\u0131lmazsa, d\u00fcz kafa sendromu geli\u015febilir.<\/p>\n\n\n\n<figure class=\"wp-block-image\"><img decoding=\"async\" src=\"https:\/\/www.craniowell.com\/wp-content\/uploads\/2021\/07\/tummy-time-rehberi-300x200.jpg\" alt=\"\" class=\"wp-image-1544\"\/><\/figure>\n\n\n\n<p><strong>2. Rahimde ve Do\u011fum S\u0131ras\u0131nda Bas\u0131n\u00e7<\/strong><\/p>\n\n\n\n<p>D\u00fcz kafa sendromunun ba\u015fl\u0131ca nedenlerinden biri, anne karn\u0131ndayken bebe\u011fin kafas\u0131na bas\u0131n\u00e7 uygulanmas\u0131d\u0131r.&nbsp;Bu, daha az yer oldu\u011fundan ve bu nedenle do\u011fmam\u0131\u015f bebeklerin yumu\u015fak kafalar\u0131na daha fazla bask\u0131 uygulanma riski oldu\u011fundan, en s\u0131k \u00e7oklu do\u011fumlarda g\u00f6r\u00fcl\u00fcr.<\/p>\n\n\n\n<p>Kafatas\u0131na bask\u0131 sonucu geli\u015fen d\u00fcz kafa sendromu fikrinden hareketle do\u011fum s\u0131ras\u0131nda forseps veya vakum uygulanmas\u0131 gerekiyorsa bu y\u00f6ntemler bazen d\u00fcz kafa sendromunun da olu\u015fmas\u0131na neden olabilir.<\/p>\n\n\n\n<p><strong>3. Erken Do\u011fumlar<\/strong><\/p>\n\n\n\n<p>Bebekler erken do\u011fduklar\u0131nda daha yumu\u015fak kemiklere sahip olma e\u011filimindedirler ve bu nedenle ortaya \u00e7\u0131kan d\u00fcz kafa sendromuna daha duyarl\u0131d\u0131rlar.&nbsp;Ek olarak, premat\u00fcre bebekler genellikle daha k\u00fc\u00e7\u00fck ve daha zay\u0131f olduklar\u0131ndan, ba\u015flar\u0131n\u0131 kendileri hareket ettiremedikleri i\u00e7in ba\u015flang\u0131\u00e7ta ba\u015flar\u0131n\u0131 bir tarafa koyma e\u011filiminde olabilirler.<\/p>\n\n\n\n<figure class=\"wp-block-image\"><img decoding=\"async\" src=\"https:\/\/www.craniowell.com\/wp-content\/uploads\/2021\/08\/prematurelerde-duz-kafa-300x203.png\" alt=\"erken do\u011fanlarda d\u00fcz kafa bozuklu\u011fu\" class=\"wp-image-1584\"\/><\/figure>\n\n\n\n<p><strong>4. Tortikolis<\/strong><\/p>\n\n\n\n<p>\u201cE\u011fik boyun \u015feklinde g\u00f6r\u00fclen\u201d&nbsp;&nbsp;<a href=\"https:\/\/www.craniowell.com\/en\/tortikolis-tedavisi\/\">tortikolis<\/a>&nbsp;, bebe\u011fin boynunda sertlik oldu\u011fu ve bebe\u011fin ba\u015f\u0131n\u0131 her iki y\u00f6ne tam olarak \u00e7evirme yetene\u011fini etkileyebilece\u011fi ve ayr\u0131ca bebe\u011fin ba\u015f\u0131n\u0131n bir tarafa e\u011filmesine neden olabilece\u011fi zamand\u0131r.&nbsp;Ba\u015f\u0131n ayn\u0131 b\u00f6lgesine yap\u0131lan k\u0131s\u0131tl\u0131 hareket ve bask\u0131 sonucu bu durum d\u00fcz kafa sendromunun geli\u015fmesine neden olabilir.<\/p>\n\n\n\n<p><strong>5. Uyku Pozisyonu<\/strong><\/p>\n\n\n\n<p>1990\u2019larda G\u00fcvenli Uykuya D\u00f6n\u00fc\u015f Kampanyas\u0131\u2019n\u0131n ortaya \u00e7\u0131kmas\u0131ndan bu yana,&nbsp;ani bebek \u00f6l\u00fcm\u00fc&nbsp;sendromu (SIDS)&nbsp;riskini azaltmak i\u00e7in bebekler s\u0131rt \u00fcst\u00fc yat\u0131r\u0131lmas\u0131 \u00f6nerilmektedir. Bu politika bir\u00e7ok bebe\u011fin hayat\u0131n\u0131 kurtard\u0131. Tavsiyemiz, bebe\u011finizi her zaman s\u0131rt \u00fcst\u00fc yat\u0131rman\u0131z ve daha sonra uyand\u0131\u011f\u0131nda ve siz yanlar\u0131nda oldu\u011funuzda, kar\u0131n zaman\u0131 ve yeniden konumland\u0131rma \u00fczerinde aktivite yapm\u0131\u015f oldu\u011funuzdan emin olun.<\/p>\n\n\n\n<h2 class=\"wp-block-heading\" id=\"prevention\"><strong>D\u00fcz Kafa Sendromunun \u00d6nlenmesi<\/strong><\/h2>\n\n\n\n<p>Bebe\u011finiz gen\u00e7ken&nbsp;<a href=\"https:\/\/www.craniowell.com\/en\/tummy-time-rehberi\/\">d\u00fcz kafa sendromunun&nbsp;geli\u015fmesini&nbsp;\u00f6nlemenin<\/a>&nbsp;veya d\u00fcz kafa sendromunun olu\u015fumunu en aza indirmenin&nbsp;say\u0131s\u0131z yolu vard\u0131r&nbsp;.&nbsp;Bir\u00e7ok sa\u011fl\u0131k uzman\u0131, d\u00fcz kafa sendromunun bir \u015fekilde kendini d\u00fczeltece\u011fi konusunda \u0131srar edecektir.&nbsp;Bununla birlikte,&nbsp;ara\u015ft\u0131rmalar\u0131n&nbsp;, iki ya\u015f\u0131nda ciddi bir d\u00fcz kafa sendromu \u015fekline sahip olan pop\u00fclasyondaki 25 bebekten 1\u2019inin, 3 ve 4 ya\u015flar\u0131nda hala ciddi \u015fekilde deforme olmu\u015f bir kafa \u015fekline sahip olaca\u011f\u0131n\u0131 g\u00f6sterdi\u011fi&nbsp;ak\u0131lda tutulmaya de\u011ferdir&nbsp;.<\/p>\n\n\n\n<h3 class=\"wp-block-heading\"><strong>Bebeklerde D\u00fcz Kafa Sendromun \u00d6nlemek \u0130\u00e7in \u0130pu\u00e7lar\u0131:<\/strong><\/h3>\n\n\n\n<p><strong>1. Pozisyon De\u011fi\u015ftirme<\/strong><\/p>\n\n\n\n<p>Ebeveynler normalde bebeklerinin ba\u015flar\u0131nda d\u00fcz bir nokta fark etmeye ba\u015flarlar, \u00e7\u00fcnk\u00fc kemikler hala yumu\u015fak oldu\u011fundan, bebe\u011finizi gece ve g\u00fcnd\u00fcz uyan\u0131kken kafa pozisyonunu de\u011fi\u015ftirmek, d\u00fczl\u00fc\u011f\u00fcn \u015fiddetinin artmas\u0131n\u0131&nbsp; \u00f6nlemede b\u00fcy\u00fck bir etkiye sahip olabilir. hi\u00e7 geli\u015ftirme. Bunu nas\u0131l g\u00fcvenli bir \u015fekilde ger\u00e7ekle\u015ftirece\u011finize dair tavsiyeler i\u00e7in l\u00fctfen yeniden konumland\u0131rma k\u0131lavuzumuzu&nbsp;okuyun&nbsp;.<\/p>\n\n\n\n<p><strong>2. Bol Kar\u0131n \u00dcst\u00fc Zaman\u0131<\/strong><\/p>\n\n\n\n<p>Kar\u0131n zaman\u0131n\u0131n yap\u0131lmamas\u0131n\u0131n plajiyosefali\u2019ye neden olabilece\u011fi gibi, bunu \u00f6nlemenin en iyi yolu, kar\u0131n zaman\u0131n\u0131n bebe\u011finizin g\u00fcnl\u00fck rutininin d\u00fczenli bir par\u00e7as\u0131 olmas\u0131n\u0131 sa\u011flamakt\u0131r. Bu konuda daha fazla tavsiyeye ihtiyac\u0131n\u0131z olursa, tam bir&nbsp;<a href=\"https:\/\/www.craniowell.com\/en\/tummy-time-rehberi\/\">kar\u0131n zaman\u0131 rehberimiz var&nbsp;.<\/a><\/p>\n\n\n\n<p><strong>3. Basit Tutma De\u011fi\u015fiklikleri<\/strong><\/p>\n\n\n\n<p>G\u00fcnl\u00fck aktiviteler s\u0131ras\u0131ndaki en basit de\u011fi\u015fiklikler d\u00fcz kafa sendromunu \u00f6nlemeye yard\u0131mc\u0131 olabilir, \u00f6rne\u011fin;&nbsp;araba koltuklar\u0131nda ge\u00e7irilen s\u00fcreyi s\u0131n\u0131rlamak ve bebe\u011fin beslenme pozisyonuna dikkat etmek, bu g\u00fcnl\u00fck aktiviteleri ger\u00e7ekle\u015ftirirken her zaman s\u0131rt \u00fcst\u00fc yatarak veya ba\u015flar\u0131n\u0131n arkas\u0131na d\u0131\u015far\u0131dan bask\u0131 uygulayarak s\u0131n\u0131rl\u0131 bir s\u00fcre ge\u00e7irmelerini sa\u011flamak.<\/p>\n\n\n\n<p><strong>4. Tortikolis i\u00e7in Egzersizler<\/strong><\/p>\n\n\n\n<p>Bebe\u011finizde tortikolis varsa, bunun d\u00fcz kafa sendromuna yol a\u00e7mamas\u0131n\u0131 sa\u011flamak i\u00e7in boyundaki gerginli\u011fi gidermek i\u00e7in yapabilece\u011finiz egzersizler vard\u0131r.&nbsp;L\u00fctfen kendiniz yapmaya \u00e7al\u0131\u015fmadan \u00f6nce bu egzersizler hakk\u0131nda bir doktor veya uzmanla konu\u015ftu\u011funuzdan emin olun.<\/p>\n\n\n\n<h2 class=\"wp-block-heading\" id=\"complications\"><strong>Komplikasyonlar<\/strong><\/h2>\n\n\n\n<p>D\u00fcz kafa sendromunun yan etkileri, \u00e7ocu\u011funuz biraz daha b\u00fcy\u00fcd\u00fc\u011f\u00fcnde ortaya \u00e7\u0131kma e\u011filimindedir.&nbsp;Standart \u00f6l\u00e7\u00fclerde spor kask ve ba\u015fl\u0131k takamama gibi pratik zorluklar bir\u00e7ok \u00e7ocuk \u00fczerinde psikolojik ve sosyal etkiler yaratabilir.&nbsp;Ek olarak, \u00f6zellikle okul boyunca bir kafa \u015fekli \u015fiddetliyse psikolojik endi\u015fe ve duygusal s\u0131k\u0131nt\u0131 olu\u015fabilir ve yeti\u015fkin ya\u015fam\u0131na ta\u015f\u0131nabilir.&nbsp;Plajiyosefali\u2019nin uzun vadeli etkileri&nbsp;hakk\u0131nda daha fazla bilgi edinmek i\u00e7in&nbsp;l\u00fctfen \u00f6nceki makalemizi okuyun.<\/p>\n\n\n\n<h2 class=\"wp-block-heading\" id=\"treatment\"><strong>D\u00fcz Kafa Sendromu Tedavisi<\/strong><\/h2>\n\n\n\n<p>D\u00fcz kafa tedavisinin bir bi\u00e7imi olarak pozisyon de\u011fi\u015ftirme ve di\u011fer \u00e7e\u015fitli \u00f6nleyici tedbirleri denediyseniz, ancak d\u00fczl\u00fck daha da k\u00f6t\u00fcle\u015fiyorsa veya azalmad\u0131ysa, kraniyal yeniden \u015fekillendirme kask tedavisi \u015feklinde d\u00fcz kafa sendromu tedavisi yard\u0131mc\u0131 olabilir.<\/p>\n\n\n\n<p>Bebe\u011finiz 4 \u2013 14 ayl\u0131k&nbsp; aras\u0131nda ise, CranioWell uzmanla\u015ft\u0131\u011f\u0131 konu olan&nbsp;<a href=\"https:\/\/www.craniowell.com\/en\/portfolio\/orthotic-treatment\/\">kranyal kask tedavisi<\/a>&nbsp;yap\u0131labilir. Bu kasklar, bebe\u011finizin ba\u015f\u0131n\u0131n b\u00fcy\u00fcmesini sa\u011flamak ve kafadaki \u015fekil bozuklu\u011funun \u015fiddetini azaltmak i\u00e7in \u00f6zel olarak \u00fcretilmi\u015ftir.<\/p>\n\n\n\n<p>Bu d\u00fcz kafa sendromu tedavisi ancak 14 ayl\u0131k olana kadar yap\u0131labilir; \u00e7\u00fcnk\u00fc bu ya\u015ftan sonra \u00e7ocu\u011fun kafas\u0131ndaki kemikler art\u0131k \u015fekillendirilemez&nbsp; ve birle\u015fmi\u015f olacakt\u0131r.<\/p>\n\n\n\n<h3 class=\"wp-block-heading\"><strong>D\u00fcz Kafa Sendromu Tedavisi Gerekli mi?<\/strong><\/h3>\n\n\n\n<p>Bebe\u011finizin d\u00fcz kafa sendromunu tedavi etmek i\u00e7in&nbsp;kask tedavisinin gerekli&nbsp;olup olmad\u0131\u011f\u0131n\u0131 merak ediyor olabilirsiniz&nbsp;.&nbsp;Genel olarak, orta ila hafif d\u00fcz kafa sendromu vakalar\u0131, belirtilen \u00f6nleyici tekniklerin kullan\u0131lmas\u0131yla iyile\u015fecektir.&nbsp;Bununla birlikte, ciddi vakalar\u0131n bu y\u00f6ntemlerle tedavi edilme olas\u0131l\u0131\u011f\u0131 \u00e7ok daha d\u00fc\u015f\u00fckt\u00fcr ve<strong>&nbsp;tavsiyemiz, be\u015f ayl\u0131k oldu\u011funda bebe\u011finizin kafa \u015fekli d\u00fczelmiyorsa, geri d\u00f6nd\u00fcrmek i\u00e7in biraz yard\u0131ma ihtiyac\u0131 olacakt\u0131r.<\/strong><\/p>\n\n\n\n<p>Tedavi i\u00e7in kesme s\u00fcresi 14 ayl\u0131kken, tedavi se\u00e7ene\u011finin bebe\u011finiz hen\u00fcz k\u00fc\u00e7\u00fckken denenmesi \u00f6nerilir. Deneyimlerimiz, ne kadar erken ba\u015flarsan\u0131z, sonu\u00e7 o kadar iyi ve tedavi o kadar h\u0131zl\u0131 olur.<\/p>\n\n\n\n<p>Kask terapisine devam etme karar\u0131n\u0131n ebeveynlerin fark etmesi ve netle\u015ftirebilece\u011fi bir \u015fey olmad\u0131\u011f\u0131n\u0131 takdir ediyoruz. Bu nedenle, bebe\u011finizin kafa \u015feklinin ciddiyetini belirlemek ve herhangi bir karar vermeden \u00f6nce size bir klinisyenle g\u00f6r\u00fc\u015fme \u015fans\u0131 vermek i\u00e7in klini\u011fimizi arayabilirsiniz. 0312 2832691<\/p>\n\n\n\n<figure class=\"wp-block-image aligncenter\"><img decoding=\"async\" src=\"https:\/\/www.craniowell.com\/wp-content\/uploads\/2025\/02\/Bebek-kafa-sekil-bozuklugu-kask-tedavisi-600x300.png\" alt=\"Bebeklerde kafa \u015fekil bozukluklar\u0131n\u0131 d\u00fczeltmek i\u00e7in kullan\u0131lan ortotik kask tedavisini g\u00f6steren g\u00f6rsel. Plagiosefali, brakiosefali ve skafosefali gibi deformasyonlar\u0131n d\u00fczeltilmesine yard\u0131mc\u0131 olan kask tedavisinin nas\u0131l uyguland\u0131\u011f\u0131n\u0131 anlatan t\u0131bbi ill\u00fcstrasyon.\" class=\"wp-image-3137\"\/><\/figure>","protected":false},"excerpt":{"rendered":"<p>D\u00fcz kafa sendromu, ba\u015f\u0131n arkas\u0131nda veya yan\u0131nda kafa \u015feklinde bir d\u00fczensizlik olarak kendini g\u00f6sterir. Ebeveynler genellikle sekiz haftal\u0131k bebeklerde d\u00fcz bir kafa fark ederler, bebeklerinin ba\u015f\u0131n\u0131n biraz geni\u015f oldu\u011funu, kula\u011f\u0131n bir yandan \u00f6ne do\u011fru itildi\u011fini veya ka\u015f\u0131n\u0131n daha belirgin oldu\u011funu fark ederler. Durum, bebe\u011fin sahip oldu\u011fu d\u00fcz kafa sendromunun tipine ba\u011fl\u0131 olarak bebe\u011fin kafas\u0131n\u0131n asimetrik [&hellip;]<\/p>","protected":false},"author":1,"featured_media":0,"comment_status":"open","ping_status":"open","sticky":false,"template":"","format":"standard","meta":{"_sitemap_exclude":false,"_sitemap_priority":"","_sitemap_frequency":"","footnotes":""},"categories":[1],"tags":[23,21,20],"class_list":["post-1729","post","type-post","status-publish","format-standard","hentry","category-uncategorized","tag-cranial-tedavi-merkezi","tag-duz-kafa-sendromu","tag-kafatasi-sekil-bozukluklari"],"_links":{"self":[{"href":"https:\/\/www.craniowell.com\/en\/wp-json\/wp\/v2\/posts\/1729","targetHints":{"allow":["GET"]}}],"collection":[{"href":"https:\/\/www.craniowell.com\/en\/wp-json\/wp\/v2\/posts"}],"about":[{"href":"https:\/\/www.craniowell.com\/en\/wp-json\/wp\/v2\/types\/post"}],"author":[{"embeddable":true,"href":"https:\/\/www.craniowell.com\/en\/wp-json\/wp\/v2\/users\/1"}],"replies":[{"embeddable":true,"href":"https:\/\/www.craniowell.com\/en\/wp-json\/wp\/v2\/comments?post=1729"}],"version-history":[{"count":1,"href":"https:\/\/www.craniowell.com\/en\/wp-json\/wp\/v2\/posts\/1729\/revisions"}],"predecessor-version":[{"id":1731,"href":"https:\/\/www.craniowell.com\/en\/wp-json\/wp\/v2\/posts\/1729\/revisions\/1731"}],"wp:attachment":[{"href":"https:\/\/www.craniowell.com\/en\/wp-json\/wp\/v2\/media?parent=1729"}],"wp:term":[{"taxonomy":"category","embeddable":true,"href":"https:\/\/www.craniowell.com\/en\/wp-json\/wp\/v2\/categories?post=1729"},{"taxonomy":"post_tag","embeddable":true,"href":"https:\/\/www.craniowell.com\/en\/wp-json\/wp\/v2\/tags?post=1729"}],"curies":[{"name":"wp","href":"https:\/\/api.w.org\/{rel}","templated":true}]}}