{"id":1698,"date":"2025-10-24T12:51:03","date_gmt":"2025-10-24T12:51:03","guid":{"rendered":"https:\/\/www.craniowell.com\/?p=1698"},"modified":"2025-11-10T20:57:14","modified_gmt":"2025-11-10T20:57:14","slug":"cranial-kask-tedavisi2","status":"publish","type":"post","link":"https:\/\/www.craniowell.com\/en\/cranial-kask-tedavisi2\/","title":{"rendered":"Cranial Kask Tedavisi \u2013 Bebeklerde Kafatas\u0131 \u015eekil Bozukluklar\u0131 \u0130\u00e7in Etkili \u00c7\u00f6z\u00fcm"},"content":{"rendered":"<p>Cranial kask tedavisi, bebeklerde g\u00f6r\u00fclen kafatas\u0131 \u015fekil bozukluklar\u0131n\u0131n d\u00fczeltilmesinde etkili bir y\u00f6ntem olarak kullan\u0131lmaktad\u0131r. \u00d6zellikle erken d\u00f6nemde tespit edilen bu bozukluklar, uygun tedaviyle b\u00fcy\u00fck oranda d\u00fczeltilebilir.<\/p>\n\n\n\n<figure class=\"wp-block-image size-full\"><img fetchpriority=\"high\" decoding=\"async\" width=\"600\" height=\"400\" src=\"https:\/\/www.craniowell.com\/wp-content\/uploads\/2025\/10\/cranial-kask-tedavisi-ne-zmana-600x400-1.jpg\" alt=\"\" class=\"wp-image-1699\" srcset=\"https:\/\/www.craniowell.com\/wp-content\/uploads\/2025\/10\/cranial-kask-tedavisi-ne-zmana-600x400-1.jpg 600w, https:\/\/www.craniowell.com\/wp-content\/uploads\/2025\/10\/cranial-kask-tedavisi-ne-zmana-600x400-1-300x200.jpg 300w, https:\/\/www.craniowell.com\/wp-content\/uploads\/2025\/10\/cranial-kask-tedavisi-ne-zmana-600x400-1-18x12.jpg 18w\" sizes=\"(max-width: 600px) 100vw, 600px\" \/><\/figure>\n\n\n\n<h3 class=\"wp-block-heading\">Cranial Kask Tedavisi Nedir?<\/h3>\n\n\n\n<p>Cranial kask tedavisi, bebeklerin kafatas\u0131ndaki \u015fekil bozukluklar\u0131n\u0131 d\u00fczeltmek amac\u0131yla \u00f6zel olarak tasarlanm\u0131\u015f ortezlerin (kasklar\u0131n) kullan\u0131ld\u0131\u011f\u0131 bir tedavi y\u00f6ntemidir. Bu kasklar, kafatas\u0131n\u0131n belirli b\u00f6lgelerine hafif bask\u0131 uygulayarak, ba\u015f\u0131n d\u00fczg\u00fcn ve simetrik bir \u015fekilde geli\u015fmesini sa\u011flar. Tedavi genellikle 3 ila 18 ayl\u0131k bebeklerde uygulan\u0131r, \u00e7\u00fcnk\u00fc bu d\u00f6nemde kafatas\u0131 h\u0131zl\u0131 bir b\u00fcy\u00fcyme ve \u015fekillenme s\u00fccindedir. Tedavi s\u00fcreci, bozuklu\u011fun derecesine ba\u011fl\u0131 olarak 3 ila 6 ay aras\u0131nda de\u011fi\u015febilir. Bebekler, kask\u0131 genellikle g\u00fcn de 23 saat takar ve sadece temizlik ve bak\u0131m i\u00e7in \u00e7\u0131kar\u0131l\u0131r.<\/p>\n\n\n\n<h3 class=\"wp-block-heading\">Hangi Tip Bozukluklarda Kullan\u0131l\u0131r?<\/h3>\n\n\n\n<p>Cranial kask tedavisi, a\u015fa\u011f\u0131daki kafatas\u0131 \u015fekil bozukluklar\u0131n\u0131n tedavisinde yayg\u0131n olarak kullan\u0131lmaktad\u0131r:<\/p>\n\n\n\n<ul class=\"wp-block-list\">\n<li><strong>Deformasyonel Plagiosefali<\/strong>: Bebe\u011fin kafas\u0131n\u0131n bir taraf\u0131nda d\u00fczle\u015fme ve asimetri ile karakterizedir. Genellikle bebe\u011fin s\u00fcrekli ayn\u0131 pozisyonda yatmas\u0131 sonucu olu\u015fur.<\/li>\n\n\n\n<li><strong>Deformasyonel Brakisefali<\/strong>: Kafan\u0131n arka k\u0131sm\u0131n\u0131n d\u00fczle\u015fmesi ve ba\u015f\u0131n geni\u015flemesiyle tan\u0131mlan\u0131r. Bebeklerin uzun s\u00fcre s\u0131rt \u00fcst\u00fc yatmas\u0131 bu duruma neden olabilir.<\/li>\n\n\n\n<li><strong>Deformasyonel Skafosefali<\/strong>: Kafatas\u0131n\u0131n yan k\u0131s\u0131mlar\u0131n\u0131n yass\u0131la\u015fmas\u0131 ve ba\u015f\u0131n uzun, dar bir \u015fekil almas\u0131yla ortaya \u00e7\u0131kar. Premat\u00fcre bebeklerde daha s\u0131k g\u00f6r\u00fcl\u00fcr.<\/li>\n<\/ul>\n\n\n\n<p>Bu bozukluklar\u0131n erken d\u00f6nemde tespiti ve tedavisi, bebeklerin ileriki ya\u015famlar\u0131nda kar\u015f\u0131la\u015fabilecekleri estetik ve fonksiyonel sorunlar\u0131n \u00f6nlenmesi a\u00e7\u0131s\u0131ndan b\u00fcy\u00fck \u00f6nem ta\u015f\u0131r.<\/p>\n\n\n\n<figure class=\"wp-block-image aligncenter\"><img decoding=\"async\" src=\"https:\/\/www.craniowell.com\/wp-content\/uploads\/2025\/02\/Cranial-kask-tedavisi-300x300.png\" alt=\"\" class=\"wp-image-3119\"\/><\/figure>\n\n\n\n<h3 class=\"wp-block-heading\">Tedavi S\u00fcreci ve Ba\u015far\u0131s\u0131<\/h3>\n\n\n\n<p>Cranial kask tedavisinin ba\u015far\u0131s\u0131, erken tan\u0131 ve m\u00fcdahaleye ba\u011fl\u0131d\u0131r. \u00d6zellikle 6 aydan k\u00fc\u00e7\u00fck bebeklerde uyguland\u0131\u011f\u0131nda, asimetrinin d\u00fczeltilmesinde daha etkili sonu\u00e7lar elde edilmektedir. Tedavi s\u00fcrecinde, kask\u0131n do\u011fru \u015fekilde kullan\u0131lmas\u0131 ve d\u00fczenli doktor kontrolleri \u00f6nemlidir. Yap\u0131lan klinik ara\u015ft\u0131rmalar, kask tedavisinin deformasyona ba\u011fl\u0131 kafatas\u0131 \u015fekil bozukluklar\u0131nda %81\u2019e varan oranlarda ba\u015far\u0131l\u0131 d\u00fczelme sa\u011flad\u0131\u011f\u0131n\u0131 g\u00f6stermektedir.<\/p>\n\n\n\n<h3 class=\"wp-block-heading\">Tedavi Sonras\u0131 Bak\u0131m ve Takip<\/h3>\n\n\n\n<p>Cranial kask tedavisinin etkinli\u011fi, tedavi sonras\u0131 d\u00fczg\u00fcn takip ve bak\u0131m ile art\u0131r\u0131labilir. Tedavi s\u00fcresince bebe\u011fin cildi d\u00fczenli olarak kontrol edilmeli, olas\u0131 tahri\u015f veya bas\u0131 yaralar\u0131n\u0131n olu\u015fmas\u0131 \u00f6nlenmelidir. Tedavi bittikten sonra doktor kontrolleri devam etmeli ve ebeveynler, bebe\u011fin uyku pozisyonu ve genel kafatas\u0131 geli\u015fimi konusunda bilgilendirilmelidir.<\/p>\n\n\n\n<h3 class=\"wp-block-heading\">Tedaviye Ba\u015flamadan \u00d6nce Dikkat Edilmesi Gerekenler<\/h3>\n\n\n\n<p>Cranial kask tedavisine ba\u015flamadan \u00f6nce, a\u015fa\u011f\u0131daki noktalara dikkat edilmelidir:<\/p>\n\n\n\n<ul class=\"wp-block-list\">\n<li><strong>Uzman G\u00f6r\u00fc\u015f\u00fc<\/strong>: Tedaviye ba\u015flamadan \u00f6nce mutlaka bir \u00e7ocuk doktoru, beyin cerrahisi ya da \u00e7ocuk n\u00f6rolojisi uzman\u0131na dan\u0131\u015f\u0131lmal\u0131d\u0131r.<\/li>\n\n\n\n<li><strong>Do\u011fru Tan\u0131<\/strong>: Kafatas\u0131 \u015fekil bozuklu\u011funun t\u00fcr\u00fc ve derecesi do\u011fru bir \u015fekilde belirlenmelidir.<\/li>\n\n\n\n<li><strong>Tedavi Zamanlamas\u0131<\/strong>: Erken d\u00f6nemde ba\u015flanan tedaviler daha ba\u015far\u0131l\u0131 sonu\u00e7lar verir.<\/li>\n\n\n\n<li><strong>Aile E\u011fitimi<\/strong>: Aileler, tedavi s\u00fcreci ve kask kullan\u0131m\u0131 konusunda bilgilendirilmelidir.<\/li>\n<\/ul>\n\n\n\n<p>Sonu\u00e7 olarak, cranial kask tedavisi, bebeklerdeki kafatas\u0131 \u015fekil bozukluklar\u0131n\u0131n d\u00fczeltilmesinde etkili ve g\u00fcvenilir bir y\u00f6ntemdir. Erken tan\u0131 ve m\u00fcdahale ile bu bozukluklar\u0131n b\u00fcy\u00fck bir k\u0131sm\u0131 ba\u015far\u0131l\u0131 bir \u015fekilde tedavi edilebilir.<\/p>\n\n\n\n<figure class=\"wp-block-image aligncenter\"><img decoding=\"async\" src=\"https:\/\/www.craniowell.com\/wp-content\/uploads\/2025\/02\/Bebek-kafa-sekil-bozuklugu-kask-tedavisi-600x300.png\" alt=\"Bebeklerde kafa \u015fekil bozukluklar\u0131n\u0131 d\u00fczeltmek i\u00e7in kullan\u0131lan ortotik kask tedavisini g\u00f6steren g\u00f6rsel. Plagiosefali, brakiosefali ve skafosefali gibi deformasyonlar\u0131n d\u00fczeltilmesine yard\u0131mc\u0131 olan kask tedavisinin nas\u0131l uyguland\u0131\u011f\u0131n\u0131 anlatan t\u0131bbi ill\u00fcstrasyon.\" class=\"wp-image-3137\"\/><\/figure>","protected":false},"excerpt":{"rendered":"<p>Cranial kask tedavisi, bebeklerde g\u00f6r\u00fclen kafatas\u0131 \u015fekil bozukluklar\u0131n\u0131n d\u00fczeltilmesinde etkili bir y\u00f6ntem olarak kullan\u0131lmaktad\u0131r. \u00d6zellikle erken d\u00f6nemde tespit edilen bu bozukluklar, uygun tedaviyle b\u00fcy\u00fck oranda d\u00fczeltilebilir. Cranial Kask Tedavisi Nedir? Cranial kask tedavisi, bebeklerin kafatas\u0131ndaki \u015fekil bozukluklar\u0131n\u0131 d\u00fczeltmek amac\u0131yla \u00f6zel olarak tasarlanm\u0131\u015f ortezlerin (kasklar\u0131n) kullan\u0131ld\u0131\u011f\u0131 bir tedavi y\u00f6ntemidir. Bu kasklar, kafatas\u0131n\u0131n belirli b\u00f6lgelerine hafif bask\u0131 [&hellip;]<\/p>","protected":false},"author":1,"featured_media":0,"comment_status":"open","ping_status":"open","sticky":false,"template":"","format":"standard","meta":{"_sitemap_exclude":false,"_sitemap_priority":"","_sitemap_frequency":"","footnotes":""},"categories":[10],"tags":[],"class_list":["post-1698","post","type-post","status-publish","format-standard","hentry","category-cranial-kask"],"_links":{"self":[{"href":"https:\/\/www.craniowell.com\/en\/wp-json\/wp\/v2\/posts\/1698","targetHints":{"allow":["GET"]}}],"collection":[{"href":"https:\/\/www.craniowell.com\/en\/wp-json\/wp\/v2\/posts"}],"about":[{"href":"https:\/\/www.craniowell.com\/en\/wp-json\/wp\/v2\/types\/post"}],"author":[{"embeddable":true,"href":"https:\/\/www.craniowell.com\/en\/wp-json\/wp\/v2\/users\/1"}],"replies":[{"embeddable":true,"href":"https:\/\/www.craniowell.com\/en\/wp-json\/wp\/v2\/comments?post=1698"}],"version-history":[{"count":1,"href":"https:\/\/www.craniowell.com\/en\/wp-json\/wp\/v2\/posts\/1698\/revisions"}],"predecessor-version":[{"id":1700,"href":"https:\/\/www.craniowell.com\/en\/wp-json\/wp\/v2\/posts\/1698\/revisions\/1700"}],"wp:attachment":[{"href":"https:\/\/www.craniowell.com\/en\/wp-json\/wp\/v2\/media?parent=1698"}],"wp:term":[{"taxonomy":"category","embeddable":true,"href":"https:\/\/www.craniowell.com\/en\/wp-json\/wp\/v2\/categories?post=1698"},{"taxonomy":"post_tag","embeddable":true,"href":"https:\/\/www.craniowell.com\/en\/wp-json\/wp\/v2\/tags?post=1698"}],"curies":[{"name":"wp","href":"https:\/\/api.w.org\/{rel}","templated":true}]}}